{"id":1132,"date":"2020-08-02T00:57:29","date_gmt":"2020-08-01T22:57:29","guid":{"rendered":"http:\/\/www.wp-projekt-roz.generalcube.com\/?p=1132"},"modified":"2020-08-02T00:57:29","modified_gmt":"2020-08-01T22:57:29","slug":"dom-dla-niechcianych-uczuc","status":"publish","type":"post","link":"https:\/\/projektroz.unitunicorn.com\/?p=1132","title":{"rendered":"[:en]Home for unwanted feelings[:pl]Dom dla niechcianych uczu\u0107[:]"},"content":{"rendered":"[:en]\n<figure class=\"wp-block-image size-large\"><img decoding=\"async\" src=\"https:\/\/projektroz.pl\/wp-content\/uploads\/2021\/08\/Dom-dla-uczuc.png\" alt=\"logo dom dla niechcianych uczu\u0107 \" class=\"wp-image-3527\"\/><\/figure>\n\n\n\n<p>In 2019, PROJEKT ROZ Foundation in cooperation with students of Journalism and Social Communication of the Pontifical University of John Paul II from the Scientific Circle of Image Communication, organized the first meeting dedicated to foster caretakers on the occasion of Foster Parenthood Day, which was named &#8220;Home for unwanted feelings&#8221;.<\/p>\n\n\n\n<p>The aim of this event was to create a space to raise the topic of challenges faced by foster caretakers. The inspiration was the book &#8220;ORO&#8221; by Marcel A. Marcel showing feelings and thoughts that accompany children and caretakers.<\/p>\n\n\n\n<p>We continue our cooperation in the &#8220;Home for Unwanted Feelings&#8221; project and continue to host annual events dedicated to foster caretakers on the occasion of Foster Parenthood Day. This year&#8217;s event took place virtually on 30th May 2020.<\/p>\n\n\n\n<p>In August 2020, the cooperating team decided that the annual event will take place virtually, as it enabled a much larger number of participants and speakers to participate. The event is now made available online and gives an opportunity for everyone to return to its content. <\/p>\n\n\n\n<p>?&nbsp;Continue to keep track of the available resources and development of the project on the FB <a rel=\"noreferrer noopener\" href=\"https:\/\/www.facebook.com\/domdlaniechcianychuczuc\" target=\"_blank\"><strong>@Domdlaniechcianychuczu\u0107<\/strong><\/a><\/p>\n\n\n\n<p><\/p>\n\n\n\n<h3 class=\"wp-block-heading\">30 Maja 2019<\/h3>\n\n\n\n<p><\/p>\n\n\n\n<h3 class=\"wp-block-heading\">30 Maja 2020<\/h3>\n[:pl]\n<figure class=\"wp-block-image size-large\"><img decoding=\"async\" src=\"https:\/\/projektroz.pl\/wp-content\/uploads\/2021\/08\/Dom-dla-uczuc.png\" alt=\"logo dom dla niechcianych uczu\u0107 \" class=\"wp-image-3527\" title=\"logo dom dla niechcianych uczu\u0107 \"\/><\/figure>\n\n\n\n<p>W 2019 Fundacja PROJEKT ROZ we wsp\u00f3\u0142pracy ze studentami Dziennikarstwa\u00a0i Komunikacji Spo\u0142ecznej Uniwersytetu Papieskiego Jana Paw\u0142a II z Ko\u0142a Naukowego Komunikacji\u00a0Wizerunkowej zorganizowali pierwsze spotkanie po\u015bwi\u0119cone opiekunom zast\u0119pczym z okazji Dnia\u00a0Rodzicielstwa Zast\u0119pczego, kt\u00f3re otrzyma\u0142o nazw\u0119 \u201eDom dla niechcianych uczu\u0107\u201d.<\/p>\n\n\n\n<p>Celem tego wydarzenia by\u0142o stworzenie przestrzeni do poruszenia tematu wyzwa\u0144 z jakimi mierz\u0105&nbsp;si\u0119 opiekunowie zast\u0119pczy. Inspiracj\u0105 natomiast by\u0142a ksi\u0105\u017cka \u201eORO\u201d autorstwa Marcel A. Marcel ukazuj\u0105ca uczucia, my\u015bli,&nbsp;kt\u00f3re towarzysz\u0105 dzieciom i opiekunom.<\/p>\n\n\n\n<p>Wsp\u00f3\u0142prac\u0119 w projekcie \u201eDom dla niechcianych uczu\u0107\u201d kontynuujemy  i nadal jeste\u015bmy wsp\u00f3lnie gospodarzami corocznych wydarze\u0144 po\u015bwi\u0119conym opiekunom zast\u0119pczym z okazji Dnia&nbsp;Rodzicielstwa Zast\u0119pczego. Tegoroczne wydarzenie odby\u0142o si\u0119 wirtualnie 30 maja 2020.<\/p>\n\n\n\n<p>W sierpniu 2020 roku wsp\u00f3\u0142pracuj\u0105cy zesp\u00f3\u0142 zdecydowa\u0142, \u017ce coroczne wydarzenie b\u0119dzie odbywa\u0107 si\u0119 wirtualnie, poniewa\u017c umo\u017cliwi\u0142o to udzia\u0142 znacznie wi\u0119kszej liczbie uczestnik\u00f3w i prelegent\u00f3w. Wydarzenie zapisane i udost\u0119pnione w wirtualnej przestrzeni daje mo\u017cliwo\u015b\u0107 powrotu do jego tre\u015bci. <\/p>\n\n\n\n<p>mo\u017cesz na bie\u017c\u0105co \u015bledzi\u0107 udost\u0119pnione zasoby i rozwoj projektu na stronie FB <a rel=\"noreferrer noopener\" href=\"https:\/\/www.facebook.com\/domdlaniechcianychuczuc\" target=\"_blank\"><strong>@Domdlaniechcianychuczu\u0107<\/strong><\/a><\/p>\n\n\n\n<p><\/p>\n\n\n\n<h3 class=\"wp-block-heading\">30 Maja 2019<\/h3>\n\n\n\n<p><\/p>\n\n\n\n<h3 class=\"wp-block-heading\">30 Maja 2020<\/h3>\n\n\n\n<h3 class=\"wp-block-heading\">30 Maja 2021<\/h3>\n[:]","protected":false},"excerpt":{"rendered":"<p>[:en] In 2019, PROJEKT ROZ Foundation in cooperation with students of Journalism and Social Communication of the Pontifical University of John Paul II from the Scientific Circle of Image Communication, organized the first meeting dedicated to foster caretakers on the occasion of Foster Parenthood Day, which was named &#8220;Home for unwanted feelings&#8221;. The aim of [&hellip;]<\/p>\n","protected":false},"author":4,"featured_media":0,"comment_status":"closed","ping_status":"closed","sticky":false,"template":"","format":"standard","meta":{"footnotes":""},"categories":[13,14],"tags":[],"class_list":["post-1132","post","type-post","status-publish","format-standard","hentry","category-timeline","category-programy-i-projekty"],"_links":{"self":[{"href":"https:\/\/projektroz.unitunicorn.com\/index.php?rest_route=\/wp\/v2\/posts\/1132","targetHints":{"allow":["GET"]}}],"collection":[{"href":"https:\/\/projektroz.unitunicorn.com\/index.php?rest_route=\/wp\/v2\/posts"}],"about":[{"href":"https:\/\/projektroz.unitunicorn.com\/index.php?rest_route=\/wp\/v2\/types\/post"}],"author":[{"embeddable":true,"href":"https:\/\/projektroz.unitunicorn.com\/index.php?rest_route=\/wp\/v2\/users\/4"}],"replies":[{"embeddable":true,"href":"https:\/\/projektroz.unitunicorn.com\/index.php?rest_route=%2Fwp%2Fv2%2Fcomments&post=1132"}],"version-history":[{"count":0,"href":"https:\/\/projektroz.unitunicorn.com\/index.php?rest_route=\/wp\/v2\/posts\/1132\/revisions"}],"wp:attachment":[{"href":"https:\/\/projektroz.unitunicorn.com\/index.php?rest_route=%2Fwp%2Fv2%2Fmedia&parent=1132"}],"wp:term":[{"taxonomy":"category","embeddable":true,"href":"https:\/\/projektroz.unitunicorn.com\/index.php?rest_route=%2Fwp%2Fv2%2Fcategories&post=1132"},{"taxonomy":"post_tag","embeddable":true,"href":"https:\/\/projektroz.unitunicorn.com\/index.php?rest_route=%2Fwp%2Fv2%2Ftags&post=1132"}],"curies":[{"name":"wp","href":"https:\/\/api.w.org\/{rel}","templated":true}]}}