{"id":1228,"date":"2020-08-02T19:20:20","date_gmt":"2020-08-02T17:20:20","guid":{"rendered":"http:\/\/www.wp-projekt-roz.generalcube.com\/?p=1228"},"modified":"2020-08-02T19:20:20","modified_gmt":"2020-08-02T17:20:20","slug":"wydarzenie","status":"publish","type":"post","link":"https:\/\/projektroz.unitunicorn.com\/?p=1228","title":{"rendered":"[:pl]Krakowska Rada Dzia\u0142alno\u015bci Po\u017cytku Publicznego[:]"},"content":{"rendered":"[:pl]\n<p>Krakowska Rada Dzia\u0142alno\u015bci Po\u017cytku Publicznego III kadencji zainaugurowa\u0142a swoj\u0105 dzia\u0142alno\u015b\u0107 <br>5 wrze\u015bnia 2016 r.<br>Wcze\u015bniej og\u0142oszony zosta\u0142 sk\u0142ad nowo powo\u0142anej KRDPP.<br>Informujemy o tym, mi\u0119dzy innymi dlatego, \u017ce cz\u0142onkiem nowo powo\u0142anej KRDPP jest El\u017cbieta Matusiak.<\/p>\n\n\n\n<p>Krakowska Rada Dzia\u0142alno\u015bci Po\u017cytku Publicznego jest organem konsultacyjno-opiniodawczym Prezydenta Miasta Krakowa w zakresie wsp\u00f3\u0142pracy Gminy Miejskiej Krak\u00f3w z organizacjami pozarz\u0105dowymi. zosta\u0142a powo\u0142ana &nbsp;<a rel=\"noreferrer noopener\" href=\"http:\/\/bip.krakow.pl\/zarzadzenie\/2016\/2179\/w_sprawie_powolania_Krakowskiej_Rady_Dzialalnosci_Pozytku_Publicznego..html\" target=\"_blank\">zarz\u0105dzeniem nr 2179\/2016 z 22 sierpnia 2016 r.&nbsp;<\/a><\/p>\n\n\n\n<p>W sk\u0142ad nowej Rady wchodz\u0105:<br>1)  Czterej przedstawiciele Rady Miasta Krakowa:<br>a) Adam Grelecki,<br>b) Ma\u0142gorzata Jantos,<br>c) Wojciech Krzysztonek,<br>d) S\u0142awomir Pietrzyk.<\/p>\n\n\n\n<p>2) Czterej przedstawiciele Prezydenta Miasta Krakowa:<br>a) Andrzej Kulig \u2013 Zast\u0119pca Prezydenta Miasta Krakowa ds. Polityki Spo\u0142ecznej, Kultury i Promocji Miasta,<br>b) Mateusz P\u0142oskonka \u2013 Wydzia\u0142 Spraw Spo\u0142ecznych,<br>c) Bogus\u0142awa Presz \u2013 Wydzia\u0142 Kultury i Dziedzictwa Narodowego,<br>d) Karol Pytlarski \u2013 Miejski O\u015brodek Pomocy Spo\u0142ecznej w Krakowie.<\/p>\n\n\n\n<p>3) O\u015bmiu przedstawicieli organizacji pozarz\u0105dowych:<br>a) Stanis\u0142aw Bana\u015b \u2013 Fundacja Ukryte Skrzyd\u0142a,<br>b) Magdalena Chuderska \u2013 Krakowski Komitet Zwalczania Raka,<br>c) Agnieszka Duliban-Rokita \u2013 Fundacja Student\u00f3w i Absolwent\u00f3w Uniwersytetu Jagiello\u0144skiego BRATNIAK,<br>d) Jan Fabia\u0144ski \u2013 Stowarzyszenie Emeryt\u00f3w i Rencist\u00f3w Policyjnych Zarz\u0105d Wojew\u00f3dzki w Krakowie,<br>e) Tomasz Guzik \u2013 Fundacja \u201eWygrajmy Siebie\u201d,<br>f) El\u017cbieta Matusiak \u2013 Fundacja PROJEKT ROZ,<br>g) Izabela Plur \u2013 Fundacja Przestrze\u0144 Rozwoju,<br>h) Aleksandra W\u0142odarczyk \u2013 Fundacja Hipoterapia \u2013 Na Rzecz Rehabilitacji Dzieci Niepe\u0142nosprawnych.<\/p>\n[:]","protected":false},"excerpt":{"rendered":"<p>[:pl] Krakowska Rada Dzia\u0142alno\u015bci Po\u017cytku Publicznego III kadencji zainaugurowa\u0142a swoj\u0105 dzia\u0142alno\u015b\u0107 5 wrze\u015bnia 2016 r.Wcze\u015bniej og\u0142oszony zosta\u0142 sk\u0142ad nowo powo\u0142anej KRDPP.Informujemy o tym, mi\u0119dzy innymi dlatego, \u017ce cz\u0142onkiem nowo powo\u0142anej KRDPP jest El\u017cbieta Matusiak. Krakowska Rada Dzia\u0142alno\u015bci Po\u017cytku Publicznego jest organem konsultacyjno-opiniodawczym Prezydenta Miasta Krakowa w zakresie wsp\u00f3\u0142pracy Gminy Miejskiej Krak\u00f3w z organizacjami pozarz\u0105dowymi. zosta\u0142a [&hellip;]<\/p>\n","protected":false},"author":2,"featured_media":0,"comment_status":"open","ping_status":"open","sticky":false,"template":"","format":"standard","meta":{"footnotes":""},"categories":[16,25],"tags":[],"class_list":["post-1228","post","type-post","status-publish","format-standard","hentry","category-propaganda","category-wydarzenia"],"_links":{"self":[{"href":"https:\/\/projektroz.unitunicorn.com\/index.php?rest_route=\/wp\/v2\/posts\/1228","targetHints":{"allow":["GET"]}}],"collection":[{"href":"https:\/\/projektroz.unitunicorn.com\/index.php?rest_route=\/wp\/v2\/posts"}],"about":[{"href":"https:\/\/projektroz.unitunicorn.com\/index.php?rest_route=\/wp\/v2\/types\/post"}],"author":[{"embeddable":true,"href":"https:\/\/projektroz.unitunicorn.com\/index.php?rest_route=\/wp\/v2\/users\/2"}],"replies":[{"embeddable":true,"href":"https:\/\/projektroz.unitunicorn.com\/index.php?rest_route=%2Fwp%2Fv2%2Fcomments&post=1228"}],"version-history":[{"count":0,"href":"https:\/\/projektroz.unitunicorn.com\/index.php?rest_route=\/wp\/v2\/posts\/1228\/revisions"}],"wp:attachment":[{"href":"https:\/\/projektroz.unitunicorn.com\/index.php?rest_route=%2Fwp%2Fv2%2Fmedia&parent=1228"}],"wp:term":[{"taxonomy":"category","embeddable":true,"href":"https:\/\/projektroz.unitunicorn.com\/index.php?rest_route=%2Fwp%2Fv2%2Fcategories&post=1228"},{"taxonomy":"post_tag","embeddable":true,"href":"https:\/\/projektroz.unitunicorn.com\/index.php?rest_route=%2Fwp%2Fv2%2Ftags&post=1228"}],"curies":[{"name":"wp","href":"https:\/\/api.w.org\/{rel}","templated":true}]}}