{"id":1537,"date":"2020-08-23T18:05:21","date_gmt":"2020-08-23T16:05:21","guid":{"rendered":"https:\/\/www.wp-projekt-roz.generalcube.com\/pl\/?p=1537"},"modified":"2020-08-23T18:05:21","modified_gmt":"2020-08-23T16:05:21","slug":"soleczniki-rodzina-autorytet-w-wychowaniu","status":"publish","type":"post","link":"https:\/\/projektroz.unitunicorn.com\/?p=1537","title":{"rendered":"[:pl]Soleczniki &#8211; &#8220;Rodzina &#8211; autorytet w wychowaniu&#8221;[:]"},"content":{"rendered":"[:en]\n<p>W Solecznikach na Litwie, 5 pa\u017adziernika 2017 r. odby\u0142a si\u0119 Mi\u0119dzynarodowa Konferencja Naukowa \u201eRODZINA \u2013 AUTORYTET W WYCHOWANIU\u201d Transgraniczne poszukiwania. Z fundacji Projekt ROZ bra\u0142y udzia\u0142 Alina Prusinowska \u2013 Marek, Magdalena Arczewska, El\u017cbieta Matusiak.<\/p>\n\n\n\n<p>El\u017cbieta Matusiak \u2013&nbsp;<em>Opiekun zast\u0119pczy \u2013 autorytet dla dziecka powierzonego i jego rodziny. Czy to mo\u017cliwe?<\/em><\/p>\n\n\n\n<p>Prusinowska-Marek Alina \u2013&nbsp;<em>D\u0142ugotrwa\u0142e nadzory kuratora w sprawach opieku\u0144czych \u2013 wsparcie czy interwencja s\u0105du wobec rodziny prze\u017cywaj\u0105cej trudno\u015bci w wype\u0142nianiu funkcji opieku\u0144czo-wychowawczych<\/em><\/p>\n\n\n\n<p>Arczewska Magdalena \u2013<em>&nbsp;Dobro dziecka w perspektywie przedstawicieli wybranych \u015brodowisk zawodowych a problemy w rodzinie jako czynniki zaburzaj\u0105ce proces wychowania<\/em>.<\/p>\n\n\n\n<figure class=\"wp-block-embed-wordpress wp-block-embed is-type-wp-embed is-provider-kurier-wilenski\"><div class=\"wp-block-embed__wrapper\">\n<blockquote class=\"wp-embedded-content\" data-secret=\"0049RiD2ty\"><a href=\"https:\/\/kurierwilenski.lt\/2017\/10\/05\/rodzina-autorytet-w-wychowaniu-tematem-konferencji-w-solecznikach\/\">\u201eRodzina \u2013 autorytet w wychowaniu\u201d tematem konferencji w Solecznikach<\/a><\/blockquote><iframe loading=\"lazy\" class=\"wp-embedded-content\" sandbox=\"allow-scripts\" security=\"restricted\" style=\"position: absolute; visibility: hidden;\" title=\"&#8222;\u201eRodzina \u2013 autorytet w wychowaniu\u201d tematem konferencji w Solecznikach&#8221; &#8212; Kurier Wile\u0144ski\" src=\"https:\/\/kurierwilenski.lt\/2017\/10\/05\/rodzina-autorytet-w-wychowaniu-tematem-konferencji-w-solecznikach\/embed\/#?secret=2dMAi5PfHX#?secret=0049RiD2ty\" data-secret=\"0049RiD2ty\" width=\"500\" height=\"282\" frameborder=\"0\" marginwidth=\"0\" marginheight=\"0\" scrolling=\"no\"><\/iframe>\n<\/div><\/figure>\n[:pl]\n<p>W Solecznikach na Litwie, 5 pa\u017adziernika 2017 r. odby\u0142a si\u0119 Mi\u0119dzynarodowa Konferencja Naukowa <a href=\"https:\/\/kurierwilenski.lt\/2017\/10\/05\/rodzina-autorytet-w-wychowaniu-tematem-konferencji-w-solecznikach\/\" data-type=\"URL\" data-id=\"https:\/\/kurierwilenski.lt\/2017\/10\/05\/rodzina-autorytet-w-wychowaniu-tematem-konferencji-w-solecznikach\/\" target=\"_blank\" rel=\"noreferrer noopener\">\u201eRODZINA \u2013 AUTORYTET W WYCHOWANIU\u201d <\/a>Transgraniczne poszukiwania. Z fundacji PROJEKT ROZ bra\u0142y udzia\u0142 Alina Prusinowska \u2013 Marek, Magdalena Arczewska, El\u017cbieta Matusiak.<\/p>\n\n\n\n<p>El\u017cbieta Matusiak \u2013&nbsp;<em>Opiekun zast\u0119pczy \u2013 autorytet dla dziecka powierzonego i jego rodziny. Czy to mo\u017cliwe?<\/em><\/p>\n\n\n\n<p>Prusinowska-Marek Alina \u2013&nbsp;<em>D\u0142ugotrwa\u0142e nadzory kuratora w sprawach opieku\u0144czych \u2013 wsparcie czy interwencja s\u0105du wobec rodziny prze\u017cywaj\u0105cej trudno\u015bci w wype\u0142nianiu funkcji opieku\u0144czo-wychowawczych<\/em><\/p>\n\n\n\n<p>Arczewska Magdalena \u2013<em>\u00a0Dobro dziecka w perspektywie przedstawicieli wybranych \u015brodowisk zawodowych a problemy w rodzinie jako czynniki zaburzaj\u0105ce proces wychowania<\/em>.<\/p>\n[:]","protected":false},"excerpt":{"rendered":"<p>[:en] W Solecznikach na Litwie, 5 pa\u017adziernika 2017 r. odby\u0142a si\u0119 Mi\u0119dzynarodowa Konferencja Naukowa \u201eRODZINA \u2013 AUTORYTET W WYCHOWANIU\u201d Transgraniczne poszukiwania. Z fundacji Projekt ROZ bra\u0142y udzia\u0142 Alina Prusinowska \u2013 Marek, Magdalena Arczewska, El\u017cbieta Matusiak. El\u017cbieta Matusiak \u2013&nbsp;Opiekun zast\u0119pczy \u2013 autorytet dla dziecka powierzonego i jego rodziny. Czy to mo\u017cliwe? Prusinowska-Marek Alina \u2013&nbsp;D\u0142ugotrwa\u0142e nadzory kuratora [&hellip;]<\/p>\n","protected":false},"author":3,"featured_media":0,"comment_status":"open","ping_status":"open","sticky":false,"template":"","format":"standard","meta":{"footnotes":""},"categories":[26,16],"tags":[],"class_list":["post-1537","post","type-post","status-publish","format-standard","hentry","category-konferencje","category-propaganda"],"_links":{"self":[{"href":"https:\/\/projektroz.unitunicorn.com\/index.php?rest_route=\/wp\/v2\/posts\/1537","targetHints":{"allow":["GET"]}}],"collection":[{"href":"https:\/\/projektroz.unitunicorn.com\/index.php?rest_route=\/wp\/v2\/posts"}],"about":[{"href":"https:\/\/projektroz.unitunicorn.com\/index.php?rest_route=\/wp\/v2\/types\/post"}],"author":[{"embeddable":true,"href":"https:\/\/projektroz.unitunicorn.com\/index.php?rest_route=\/wp\/v2\/users\/3"}],"replies":[{"embeddable":true,"href":"https:\/\/projektroz.unitunicorn.com\/index.php?rest_route=%2Fwp%2Fv2%2Fcomments&post=1537"}],"version-history":[{"count":0,"href":"https:\/\/projektroz.unitunicorn.com\/index.php?rest_route=\/wp\/v2\/posts\/1537\/revisions"}],"wp:attachment":[{"href":"https:\/\/projektroz.unitunicorn.com\/index.php?rest_route=%2Fwp%2Fv2%2Fmedia&parent=1537"}],"wp:term":[{"taxonomy":"category","embeddable":true,"href":"https:\/\/projektroz.unitunicorn.com\/index.php?rest_route=%2Fwp%2Fv2%2Fcategories&post=1537"},{"taxonomy":"post_tag","embeddable":true,"href":"https:\/\/projektroz.unitunicorn.com\/index.php?rest_route=%2Fwp%2Fv2%2Ftags&post=1537"}],"curies":[{"name":"wp","href":"https:\/\/api.w.org\/{rel}","templated":true}]}}