{"id":1772,"date":"2020-09-16T23:34:31","date_gmt":"2020-09-16T21:34:31","guid":{"rendered":"https:\/\/www.wp-projekt-roz.generalcube.com\/pl\/?p=1772"},"modified":"2020-09-16T23:34:31","modified_gmt":"2020-09-16T21:34:31","slug":"cieszyn-dziecko-i-rodzina-w-systemie-pieczy-zastepczej","status":"publish","type":"post","link":"https:\/\/projektroz.unitunicorn.com\/?p=1772","title":{"rendered":"[:pl]Cieszyn &#8211; &#8220;Dziecko i rodzina w systemie pieczy zast\u0119pczej&#8221;[:]"},"content":{"rendered":"[:pl]\n<p>W Cieszynie i Ustroniu 11-12 kwietna 2017 r. odby\u0142a si\u0119 Mi\u0119dzynarodowa Konferencja Naukowa &#8220;DZIECKO I RODZINA W SYSTEMIE PIECZY ZAST\u0118PCZEJ&#8221;, kt\u00f3rej organizatorami byli:<\/p>\n\n\n\n<p><br>&#8211; Zak\u0142ad Pedagogiki Og\u00f3lnej i Metodologii Bada\u0144 Wydzia\u0142u Etnologii i Nauk o Edukacji w Cieszynie Uniwersytetu \u015al\u0105skiego,<br>&#8211; Wydzia\u0142 Pedagogiczny Uniwersytetu Mateja Bela w Ba\u0144skiej Bystrzycy,<br>&#8211; Wydzia\u0142 Pedagogiczny Uniwersytetu im. Borysa Grinczenki w Kijowie, <br>&#8211; Wydzia\u0142 Filozoficzny Uniwersytetu Pardubice,<br>&#8211; Stowarzyszenie Wspierania Edukacji Mi\u0119dzykulturowej. <\/p>\n\n\n\n<p>W trakcie 5 sesji plenarnych akademicy i praktycy zaprezentowali ciekawe i inspiruj\u0105ce referaty dotycz\u0105ce bada\u0144 naukowych, dylemat\u00f3w i do\u015bwiadcze\u0144 zwi\u0105zanych z realizacj\u0105 Ustawy z dnia <br>9 czerwca 2011 r. o wspieraniu rodziny i systemie pieczy zast\u0119pczej. <\/p>\n\n\n\n<p>W\u015br\u00f3d aktywnych uczestnik\u00f3w Konferencji by\u0142a Prezes Fundacji PROJEKT ROZ El\u017cbieta Matusiak, kt\u00f3rej wyst\u0105pienie nosi\u0142o tytu\u0142 <em>&#8220;Dzie\u0144 przyj\u0119cia, pierwszym dniem usamodzielnienia&#8221;<\/em>, oraz Alina Prusinowska &#8211; Marek kt\u00f3ra przedstawi\u0142a referat <em>&#8220;Tymczasowo\u015b\u0107 pieczy zast\u0119pczej &#8211; mi\u0119dzy teori\u0105, a praktyk\u0105&#8221;<\/em>. <\/p>\n[:]","protected":false},"excerpt":{"rendered":"<p>[:pl] W Cieszynie i Ustroniu 11-12 kwietna 2017 r. odby\u0142a si\u0119 Mi\u0119dzynarodowa Konferencja Naukowa &#8220;DZIECKO I RODZINA W SYSTEMIE PIECZY ZAST\u0118PCZEJ&#8221;, kt\u00f3rej organizatorami byli: &#8211; Zak\u0142ad Pedagogiki Og\u00f3lnej i Metodologii Bada\u0144 Wydzia\u0142u Etnologii i Nauk o Edukacji w Cieszynie Uniwersytetu \u015al\u0105skiego,&#8211; Wydzia\u0142 Pedagogiczny Uniwersytetu Mateja Bela w Ba\u0144skiej Bystrzycy,&#8211; Wydzia\u0142 Pedagogiczny Uniwersytetu im. Borysa Grinczenki [&hellip;]<\/p>\n","protected":false},"author":3,"featured_media":0,"comment_status":"open","ping_status":"open","sticky":false,"template":"","format":"standard","meta":{"footnotes":""},"categories":[26,16],"tags":[],"class_list":["post-1772","post","type-post","status-publish","format-standard","hentry","category-konferencje","category-propaganda"],"_links":{"self":[{"href":"https:\/\/projektroz.unitunicorn.com\/index.php?rest_route=\/wp\/v2\/posts\/1772","targetHints":{"allow":["GET"]}}],"collection":[{"href":"https:\/\/projektroz.unitunicorn.com\/index.php?rest_route=\/wp\/v2\/posts"}],"about":[{"href":"https:\/\/projektroz.unitunicorn.com\/index.php?rest_route=\/wp\/v2\/types\/post"}],"author":[{"embeddable":true,"href":"https:\/\/projektroz.unitunicorn.com\/index.php?rest_route=\/wp\/v2\/users\/3"}],"replies":[{"embeddable":true,"href":"https:\/\/projektroz.unitunicorn.com\/index.php?rest_route=%2Fwp%2Fv2%2Fcomments&post=1772"}],"version-history":[{"count":0,"href":"https:\/\/projektroz.unitunicorn.com\/index.php?rest_route=\/wp\/v2\/posts\/1772\/revisions"}],"wp:attachment":[{"href":"https:\/\/projektroz.unitunicorn.com\/index.php?rest_route=%2Fwp%2Fv2%2Fmedia&parent=1772"}],"wp:term":[{"taxonomy":"category","embeddable":true,"href":"https:\/\/projektroz.unitunicorn.com\/index.php?rest_route=%2Fwp%2Fv2%2Fcategories&post=1772"},{"taxonomy":"post_tag","embeddable":true,"href":"https:\/\/projektroz.unitunicorn.com\/index.php?rest_route=%2Fwp%2Fv2%2Ftags&post=1772"}],"curies":[{"name":"wp","href":"https:\/\/api.w.org\/{rel}","templated":true}]}}