{"id":2031,"date":"2020-10-01T22:01:08","date_gmt":"2020-10-01T20:01:08","guid":{"rendered":"https:\/\/www.wp-projekt-roz.generalcube.com\/pl\/?p=2031"},"modified":"2020-10-01T22:01:08","modified_gmt":"2020-10-01T20:01:08","slug":"unicef-polska-raport-alternatywny","status":"publish","type":"post","link":"https:\/\/projektroz.unitunicorn.com\/?p=2031","title":{"rendered":"[:pl]UNICEF Polska &#8211; raport alternatywny[:]"},"content":{"rendered":"[:pl]\n<p><br>Ka\u017cdy kraj, kt\u00f3ry ratyfikowa\u0142 Konwencj\u0119 o prawach dziecka, ma obowi\u0105zek co pi\u0119\u0107 lat przedstawi\u0107 oficjalny raport z realizacji zapis\u00f3w tego dokumentu. Polski rz\u0105d przedstawi\u0142 taki raport Komitetowi Praw Dziecka w tym roku. Poza stron\u0105 rz\u0105dow\u0105, sw\u00f3j raport przygotowa\u0142y organizacje pozarz\u0105dowe. W dokumencie tym (tzw. Raporcie Alternatywnym) znajduj\u0105 si\u0119 uwagi i rekomendacje do stanu&nbsp;<a href=\"https:\/\/unicef.pl\/co-robimy\/prawa-dziecka\/wdrazanie-i-monitorowanie-konwencji-o-prawach-dziecka\" target=\"_blank\" rel=\"noreferrer noopener\">przestrzegania praw dziecka w Polsce. <\/a>We wrze\u015bniu br., podczas Sesji Roboczej Komitetu Praw Dziecka w Genewie polskie organizacje pozarz\u0105dowe zaprezentowa\u0142y sw\u00f3j raport. Na podstawie obu raport\u00f3w (rz\u0105du polskiego i organizacji pozarz\u0105dowych) Komitet Praw Dziecka przygotuje Zalecenia dla Polski.<\/p>\n\n\n\n<p>Raport Alternatywny zosta\u0142 opracowany przez 13 wiod\u0105cych polskich organizacji pozarz\u0105dowych. Organizacje zwracaj\u0105 uwag\u0119 na to, \u017ce du\u017ca cz\u0119\u015b\u0107 Zalece\u0144 Komitetu Praw Dziecka z roku 2015 niestety nie doczeka\u0142a si\u0119 realizacji. Tegoroczny Raport Alternatywny nie omawia wszystkich kwestii zwi\u0105zanych z nieprzestrzeganiem w Polsce Konwencji o prawach dziecka, skupiaj\u0105c si\u0119 jedynie na tych, kt\u00f3re s\u0105 najistotniejsze z punktu widzenia dobra dziecka oraz wchodz\u0105 w obszar dzia\u0142a\u0144 organizacji-autor\u00f3w raportu.&nbsp;<\/p>\n\n\n\n<p>Raport organizacji pozarz\u0105dowych sk\u0142ada si\u0119 z o\u015bmiu cz\u0119\u015bci. Ka\u017cd\u0105 z nich zamykaj\u0105 rekomendacje okre\u015blonych dzia\u0142a\u0144. Pierwsza cz\u0119\u015b\u0107 raportu dotyczy oceny og\u00f3lnych \u015brodk\u00f3w wdra\u017cania, czyli m.in. legislacji, polityki i strategii na rzecz dzieci, koordynacji dzia\u0142a\u0144 czy propagowania praw dziecka w Polsce. Druga cz\u0119\u015b\u0107 m\u00f3wi o zasadach og\u00f3lnych, czyli przeciwdzia\u0142aniu dyskryminacji w Polsce, respektowaniu pogl\u0105d\u00f3w dziecka (tak\u017ce dzieci cudzoziemskich) czy uczestnictwie najm\u0142odszych w \u017cyciu spo\u0142ecznym. Kolejna cz\u0119\u015b\u0107 dotyczy praw i wolno\u015bci osobistych. W tej cz\u0119\u015bci organizacje przypominaj\u0105 o problemie bezpa\u0144stwowo\u015bci dzieci, prawie do poznania swojego pochodzenia oraz wolno\u015bci sumienia, wyznania, wypowiedzi czy pokojowych zgromadze\u0144. W czwartej cz\u0119\u015bci raportu mowa jest o problemie przemocy i wykorzystania seksualnego najm\u0142odszych. Wa\u017cnym elementem, na kt\u00f3ry zwracaj\u0105 uwag\u0119 organizacje jest konieczno\u015b\u0107 ochrony dzieci przed wykorzystaniem seksualnym w Internecie i walka z autorami patotre\u015bci.&nbsp;<\/p>\n\n\n\n<p><strong>W kolejnej cz\u0119\u015bci, organizacje pozarz\u0105dowe zwracaj\u0105 uwag\u0119 na problemy, jakich do\u015bwiadczaj\u0105 dzieci w pieczy zast\u0119pczej, zw\u0142aszcza ma\u0142e dzieci i najm\u0142odsi ze specjalnymi potrzebami.<\/strong> W sz\u00f3stej cz\u0119\u015bci, Raport Alternatywny m\u00f3wi o dzieciach z niepe\u0142nosprawno\u015bci\u0105, dost\u0119pie do opieki zdrowotnej, szczeg\u00f3lnie w zakresie zdrowia psychicznego. Autorzy poruszaj\u0105 trudny temat ub\u00f3stwa i wykluczenia spo\u0142ecznego dzieci, a tak\u017ce ich bezdomno\u015bci. W przedostatniej cz\u0119\u015bci raportu mo\u017cna przeczyta\u0107 o problemach dotycz\u0105cych systemu edukacji w naszym kraju, integracji dzieci romskich czy dost\u0119pie do opieki \u017c\u0142obkowej i przedszkolnej. W tym miejscu organizacje poruszaj\u0105 tak\u017ce temat prawa do wypoczynku i zabawy, kt\u00f3re jest istotne z punktu widzenia rozwoju m\u0142odego cz\u0142owieka. Ostatnia cz\u0119\u015b\u0107 raportu dotyczy kwestii dzieci uchod\u017ac\u00f3w, handlu dzie\u0107mi, wymiaru sprawiedliwo\u015bci dla nieletnich oraz dzieci romskich.<\/p>\n[:]","protected":false},"excerpt":{"rendered":"<p>[:pl] Ka\u017cdy kraj, kt\u00f3ry ratyfikowa\u0142 Konwencj\u0119 o prawach dziecka, ma obowi\u0105zek co pi\u0119\u0107 lat przedstawi\u0107 oficjalny raport z realizacji zapis\u00f3w tego dokumentu. Polski rz\u0105d przedstawi\u0142 taki raport Komitetowi Praw Dziecka w tym roku. Poza stron\u0105 rz\u0105dow\u0105, sw\u00f3j raport przygotowa\u0142y organizacje pozarz\u0105dowe. W dokumencie tym (tzw. Raporcie Alternatywnym) znajduj\u0105 si\u0119 uwagi i rekomendacje do stanu&nbsp;przestrzegania praw [&hellip;]<\/p>\n","protected":false},"author":3,"featured_media":0,"comment_status":"open","ping_status":"open","sticky":false,"template":"","format":"standard","meta":{"footnotes":""},"categories":[27,16],"tags":[],"class_list":["post-2031","post","type-post","status-publish","format-standard","hentry","category-prawo","category-propaganda"],"_links":{"self":[{"href":"https:\/\/projektroz.unitunicorn.com\/index.php?rest_route=\/wp\/v2\/posts\/2031","targetHints":{"allow":["GET"]}}],"collection":[{"href":"https:\/\/projektroz.unitunicorn.com\/index.php?rest_route=\/wp\/v2\/posts"}],"about":[{"href":"https:\/\/projektroz.unitunicorn.com\/index.php?rest_route=\/wp\/v2\/types\/post"}],"author":[{"embeddable":true,"href":"https:\/\/projektroz.unitunicorn.com\/index.php?rest_route=\/wp\/v2\/users\/3"}],"replies":[{"embeddable":true,"href":"https:\/\/projektroz.unitunicorn.com\/index.php?rest_route=%2Fwp%2Fv2%2Fcomments&post=2031"}],"version-history":[{"count":0,"href":"https:\/\/projektroz.unitunicorn.com\/index.php?rest_route=\/wp\/v2\/posts\/2031\/revisions"}],"wp:attachment":[{"href":"https:\/\/projektroz.unitunicorn.com\/index.php?rest_route=%2Fwp%2Fv2%2Fmedia&parent=2031"}],"wp:term":[{"taxonomy":"category","embeddable":true,"href":"https:\/\/projektroz.unitunicorn.com\/index.php?rest_route=%2Fwp%2Fv2%2Fcategories&post=2031"},{"taxonomy":"post_tag","embeddable":true,"href":"https:\/\/projektroz.unitunicorn.com\/index.php?rest_route=%2Fwp%2Fv2%2Ftags&post=2031"}],"curies":[{"name":"wp","href":"https:\/\/api.w.org\/{rel}","templated":true}]}}