{"id":2156,"date":"2020-10-13T15:38:21","date_gmt":"2020-10-13T13:38:21","guid":{"rendered":"https:\/\/www.wp-projekt-roz.generalcube.com\/?p=2156"},"modified":"2020-10-13T15:38:21","modified_gmt":"2020-10-13T13:38:21","slug":"10-lat","status":"publish","type":"post","link":"https:\/\/projektroz.unitunicorn.com\/?p=2156","title":{"rendered":"[:pl]10 &#8211; lecie &#8220;Ma\u0142ego Ksi\u0119cia&#8221;[:]"},"content":{"rendered":"[:pl]\n<p>Pierwszy raz przekroczy\u0142am progi rodzinnego domu dziecka \u201eMa\u0142y Ksi\u0105\u017c\u0119\u201d w listopadzie 2005r.<\/p>\n\n\n\n<p>Dopiero si\u0119 urz\u0105dzano, ale byli ju\u017c pierwsi mieszka\u0144cy. Ela Matusiak og\u0142osi\u0142a na forum rob\u00f3tek r\u0119cznych, \u017ce oczekuje na pomoc w przystrojeniu \u015bwi\u0105tecznie domu. Ja przywioz\u0142am w\u00f3wczas kubki. Nie by\u0142o ich gdzie postawi\u0107, bo mebli kuchennych jeszcze nie by\u0142o. Szczerze, my\u015bla\u0142am, \u017ce wpadam na chwil\u0119. Ka\u017cdy lubi poczu\u0107 si\u0119 dobry przed \u015bwi\u0119tami, <br>a potem wracamy zagonieni do rzeczywisto\u015bci. <\/p>\n\n\n\n<p>Nied\u0142ugo potem Ela zaprosi\u0142a na ogl\u0105danie ju\u017c urz\u0105dzonego i ozdobionego r\u0119kodzie\u0142em domu. I wtedy zrozumia\u0142am, jaka jest r\u00f3\u017cnica mi\u0119dzy domem dziecka, a rodzinnym domem dziecka. Ten dom by\u0142 taki\u2026 zwyk\u0142y, jak inne \u015bwi\u0105tecznie udekorowane domy. Pachnia\u0142o choink\u0105, ciastem, by\u0142o gwarno i weso\u0142o, gitara, \u015bpiewy, go\u015bcie. \u017badnych tam dzieci\u0119cych wyst\u0119p\u00f3w, wierszyk\u00f3w i \u201epokazywania pokoik\u00f3w mi\u0142ym go\u015bciom\u201d. Potem wiele jeszcze by\u0142o okazji do spotka\u0144 \u2013 urodziny, przygotowywanie kartek \u015bwi\u0105tecznych.<\/p>\n\n\n\n<p>10 lat p\u00f3\u017aniej z ko\u0144cem roku tak\u017ce Ela i Jacek go\u015bcili wszystkich przyjaci\u00f3\u0142 Domu. I zn\u00f3w nie by\u0142o wyst\u0119p\u00f3w, wierszyk\u00f3w i \u201epokazywania\u201d, za to by\u0142o jak w domu na urodzinach \u2013 st\u00f3\u0142 zastawiony smako\u0142ykami robionymi przez wszystkich mieszka\u0144c\u00f3w, od\u015bwi\u0119tnie ubrane dziewczyny cz\u0119stowa\u0142y go\u015bci, weso\u0142e rozmowy w ma\u0142ych grupkach z osobami znanymi od lat lub nowo poznanymi. Atmosfera podnios\u0142a, ale bardzo swobodna. Drobne upominki, od nas ponownie kubeczki (tym razem trafi\u0142y do zupe\u0142nie nowej kuchni, ale o tym innym razem).<\/p>\n\n\n\n<p>S\u0105 na \u015bwiecie osoby, kt\u00f3re chc\u0105 czyni\u0107 dobrze, pomaga\u0107, oraz s\u0105 miejsca, gdzie ta pomoc jest potrzebna. M\u0105dra, dyskretna pomoc, z szacunkiem i bez ingerowania w prywatno\u015b\u0107. I jako\u015b tak si\u0119 dzieje, \u017ce te osoby potrafi\u0105 si\u0119 odnale\u017a\u0107 i zrozumie\u0107. Doro\u015bli, kt\u00f3rzy nie potrzebuj\u0105 nag\u0142a\u015bnia\u0107, \u017ce oto \u201emaj\u0105 gest\u201d, wystarcza im serdeczne dzi\u0119kuj\u0119 i widok obdarowanych m\u0142odych ludzi, kt\u00f3rzy korzystaj\u0105, ciesz\u0105 si\u0119, rozwijaj\u0105 skrzyd\u0142a. W Ma\u0142ym Ksi\u0119ciu spotka\u0142o si\u0119 wiele takich os\u00f3b, nie mie\u015bcili\u015bmy si\u0119 w sali podczas uroczysto\u015bci.<\/p>\n[:]","protected":false},"excerpt":{"rendered":"<p>[:pl] Pierwszy raz przekroczy\u0142am progi rodzinnego domu dziecka \u201eMa\u0142y Ksi\u0105\u017c\u0119\u201d w listopadzie 2005r. Dopiero si\u0119 urz\u0105dzano, ale byli ju\u017c pierwsi mieszka\u0144cy. Ela Matusiak og\u0142osi\u0142a na forum rob\u00f3tek r\u0119cznych, \u017ce oczekuje na pomoc w przystrojeniu \u015bwi\u0105tecznie domu. Ja przywioz\u0142am w\u00f3wczas kubki. Nie by\u0142o ich gdzie postawi\u0107, bo mebli kuchennych jeszcze nie by\u0142o. Szczerze, my\u015bla\u0142am, \u017ce wpadam [&hellip;]<\/p>\n","protected":false},"author":3,"featured_media":0,"comment_status":"open","ping_status":"open","sticky":false,"template":"","format":"standard","meta":{"footnotes":""},"categories":[13,16,25],"tags":[],"class_list":["post-2156","post","type-post","status-publish","format-standard","hentry","category-timeline","category-propaganda","category-wydarzenia"],"_links":{"self":[{"href":"https:\/\/projektroz.unitunicorn.com\/index.php?rest_route=\/wp\/v2\/posts\/2156","targetHints":{"allow":["GET"]}}],"collection":[{"href":"https:\/\/projektroz.unitunicorn.com\/index.php?rest_route=\/wp\/v2\/posts"}],"about":[{"href":"https:\/\/projektroz.unitunicorn.com\/index.php?rest_route=\/wp\/v2\/types\/post"}],"author":[{"embeddable":true,"href":"https:\/\/projektroz.unitunicorn.com\/index.php?rest_route=\/wp\/v2\/users\/3"}],"replies":[{"embeddable":true,"href":"https:\/\/projektroz.unitunicorn.com\/index.php?rest_route=%2Fwp%2Fv2%2Fcomments&post=2156"}],"version-history":[{"count":0,"href":"https:\/\/projektroz.unitunicorn.com\/index.php?rest_route=\/wp\/v2\/posts\/2156\/revisions"}],"wp:attachment":[{"href":"https:\/\/projektroz.unitunicorn.com\/index.php?rest_route=%2Fwp%2Fv2%2Fmedia&parent=2156"}],"wp:term":[{"taxonomy":"category","embeddable":true,"href":"https:\/\/projektroz.unitunicorn.com\/index.php?rest_route=%2Fwp%2Fv2%2Fcategories&post=2156"},{"taxonomy":"post_tag","embeddable":true,"href":"https:\/\/projektroz.unitunicorn.com\/index.php?rest_route=%2Fwp%2Fv2%2Ftags&post=2156"}],"curies":[{"name":"wp","href":"https:\/\/api.w.org\/{rel}","templated":true}]}}