{"id":2334,"date":"2020-10-25T13:19:09","date_gmt":"2020-10-25T12:19:09","guid":{"rendered":"https:\/\/www.wp-projekt-roz.generalcube.com\/?p=2334"},"modified":"2020-10-25T13:19:09","modified_gmt":"2020-10-25T12:19:09","slug":"life-coaching-dla-opiekunow","status":"publish","type":"post","link":"https:\/\/projektroz.unitunicorn.com\/?p=2334","title":{"rendered":"[:pl]Life Coaching dla opiekun\u00f3w[:]"},"content":{"rendered":"[:en]\n<h2 class=\"wp-block-heading\"><em><strong>Life Coaching: what is it and what for?<\/strong><\/em><\/h2>\n\n\n\n<p>Firstly, the life coaching is a 60 minute session. It takes place biweekly (for 3-6 months) with a trained coach and psychologist. This provides a space for speaking and being heard &#8211; a space that usually is unavailable to foster caretakers.<\/p>\n\n\n\n<p>Secondly, this is a personal process that is guided by the needs of each individual caretaker. It is based on their personal, professional, relational challenges and needs.<\/p>\n\n\n\n<blockquote class=\"wp-block-quote is-style-large is-layout-flow wp-block-quote-is-layout-flow\"><p>The project is a continuation of our works motto &#8220;<strong><span style=\"color:#811227\" class=\"has-inline-color\">Care for the caretaker <\/span><\/strong>&#8220;<\/p><\/blockquote>\n\n\n\n<h2 class=\"wp-block-heading\"><em><strong>Ready, set, start! <\/strong> <\/em><\/h2>\n\n\n\n<p>In September 2020, we launched a new project that continues the support we provide to foster caretakers. It is done thanks to the in-kind professional assistance from Pokojowe. Therefore, a selected number of foster caretakers are profiting from individual coaching sessions with a team of psychologist and coaches. The aim of the project is to strengthen the support available to foster caretakers. Who are often uncared for, lonely, frustrated and forgotten in the ongoing 24\/7 care of foster children and  endless responses to the governing institutions.<\/p>\n\n\n\n<p>This project is currently in process and on a continuum bases as long as our partnership continues with Pokojowe. And the need is reflected by the community of caretakers.<\/p>\n\n\n\n<p class=\"has-text-color\" style=\"color:#13054a\"><strong>Additional support and funding for the project to enable a wider reach is sought after. If you are interested in working together, get in touch with us  \ud83d\ude42 <\/strong><\/p>\n\n\n\n<div class=\"wp-block-group\"><div class=\"wp-block-group__inner-container is-layout-flow wp-block-group-is-layout-flow\">\n<div class=\"wp-block-image\"><figure class=\"aligncenter size-medium\"><img decoding=\"async\" src=\"http:\/\/projektroz.pl\/\/wp-content\/uploads\/2020\/10\/Life-coaching_vs01-2-300x300.png\" alt=\"Life coaching post for Instagram and Facebook. \" class=\"wp-image-2337\"\/><\/figure><\/div>\n\n\n\n<div class=\"wp-block-image\"><figure class=\"aligncenter size-medium\"><img decoding=\"async\" src=\"http:\/\/projektroz.pl\/\/wp-content\/uploads\/2020\/10\/1-300x300.png\" alt=\"Rezyultaty sesji Life coaching 01 dla opiekun\u00f3w \" class=\"wp-image-2340\"\/><\/figure><\/div>\n<\/div><\/div>\n\n\n\n<p><\/p>\n\n\n\n<figure class=\"wp-block-pullquote\"><blockquote><p>You can follow the progress of the coaching project via our social media channels (<a rel=\"noreferrer noopener\" href=\"https:\/\/www.instagram.com\/fundacja.projekt.roz\/\" target=\"_blank\">Instagram<\/a> i <a rel=\"noreferrer noopener\" href=\"https:\/\/www.facebook.com\/FundacjaProjektRoz\" target=\"_blank\">Facebook<\/a>) where we are sharing on going coaching insights and encouraging the engagement of the community.<\/p><p> <strong>#lifecoaching #dlaopiekunow #careforcaretaker<\/strong><\/p><\/blockquote><\/figure>\n[:pl]\n<h2 class=\"wp-block-heading\"><strong><em>Life Coaching: co to i dlaczego ?<\/em><\/strong><\/h2>\n\n\n\n<p>Jest to 60-minutowa sesja, kt\u00f3ra odbywa si\u0119 co dwa tygodnie (przez 3-6 miesi\u0119cy) z przeszkolonym trenerem i psychologiem, kt\u00f3ry zapewnia przestrze\u0144 do m\u00f3wienia i bycia s\u0142yszanym. Przestrze\u0144, kt\u00f3ra zazwyczaj nie jest dost\u0119pna dla opiekun\u00f3w zast\u0119pczych.<\/p>\n\n\n\n<p>Jest to proces osobisty, kt\u00f3ry kieruje si\u0119 potrzebami ka\u017cdego z opiekun\u00f3w, w oparciu o ich osobiste, zawodowe, relacyjne wyzwania i potrzeby.<\/p>\n\n\n\n<blockquote class=\"wp-block-quote is-style-large is-layout-flow wp-block-quote-is-layout-flow\"><p>Projekt jest kontynuacj\u0105 motta naszej pracy &#8211; <span style=\"color:#8e1212\" class=\"has-inline-color\">&#8220;<em>Zaopiekuj si\u0119 Opiekunem&#8221;<\/em><\/span><\/p><\/blockquote>\n\n\n\n<h2 class=\"wp-block-heading\"><em><strong>Zacz\u0119li\u015bmy<\/strong> <\/em><\/h2>\n\n\n\n<p>We wrze\u015bniu 2020 r. uruchomili\u015bmy nowy projekt, kt\u00f3ry stanowi kontynuacj\u0119 wsparcia, jakiego udzielamy na rzecz opiekun\u00f3w zast\u0119pczych. Dzi\u0119ki dobrowolnej, profesjonalnej pomocy zespo\u0142u psycholog\u00f3w i trener\u00f3w z <strong>Pokojowo<\/strong>, wybrana liczba opiekun\u00f3w zast\u0119pczych korzysta z indywidualnych sesji coachingowych. Celem projektu jest wzmocnienie wsparcia dla opiekun\u00f3w zast\u0119pczych, kt\u00f3rzy cz\u0119sto s\u0105 samotni, sfrustrowani i zapomniani w trwaj\u0105cej 24 godziny na dob\u0119, 7 dni w tygodniu opiece nad powierzonymi dzie\u0107mi, oraz reakcji na potrzeby instytucji, kt\u00f3re kieruj\u0105 ich prac\u0105.<\/p>\n\n\n\n<p>Projekt ten jest obecnie w trakcie realizacji i ma charakter ci\u0105g\u0142y, o ile nasze partnerstwo z Pokojowo b\u0119dzie kontynuowane, a potrzeby b\u0119d\u0105 odzwierciedlane przez spo\u0142eczno\u015b\u0107 opiekun\u00f3w.<\/p>\n\n\n\n<p class=\"has-text-color\" style=\"color:#13054a\"><strong>Ca\u0142y czas poszukujemy dodatkowego wsparcia i finansowania dla projektu, aby umo\u017cliwi\u0107 jego szerszy zasi\u0119g. Je\u017celi jeste\u015bcie zainteresowani wsp\u00f3\u0142prac\u0105, odezwijcie si\u0119 do nas. \ud83d\ude42 <\/strong><\/p>\n\n\n\n<div class=\"wp-block-group\"><div class=\"wp-block-group__inner-container is-layout-flow wp-block-group-is-layout-flow\">\n<div class=\"wp-block-image\"><figure class=\"aligncenter size-medium\"><img decoding=\"async\" src=\"http:\/\/projektroz.pl\/\/wp-content\/uploads\/2020\/10\/Life-coaching_vs01-2-300x300.png\" alt=\"Life coaching post for Instagram and Facebook. \" class=\"wp-image-2337\"\/><\/figure><\/div>\n\n\n\n<div class=\"wp-block-image\"><figure class=\"aligncenter size-medium\"><img decoding=\"async\" src=\"http:\/\/projektroz.pl\/\/wp-content\/uploads\/2020\/10\/1-300x300.png\" alt=\"Rezyultaty sesji Life coaching 01 dla opiekun\u00f3w \" class=\"wp-image-2340\"\/><\/figure><\/div>\n<\/div><\/div>\n\n\n\n<p><\/p>\n\n\n\n<figure class=\"wp-block-pullquote\"><blockquote><p>Mo\u017cesz \u015bledzi\u0107 post\u0119py projektu coachingowego za po\u015brednictwem naszych kana\u0142\u00f3w w mediach spo\u0142eczno\u015bciowych (<a rel=\"noreferrer noopener\" href=\"https:\/\/www.instagram.com\/fundacja.projekt.roz\/\" target=\"_blank\">Instagram<\/a> i <a rel=\"noreferrer noopener\" href=\"https:\/\/www.facebook.com\/FundacjaProjektRoz\" target=\"_blank\">Facebook<\/a>), gdzie dzielimy si\u0119 spostrze\u017ceniami na temat coachingu i zach\u0119camy do zaanga\u017cowania spo\u0142eczno\u015bci. <strong>#lifecoaching #dlaopiekunow #careforcaretaker<\/strong><\/p><\/blockquote><\/figure>\n[:]","protected":false},"excerpt":{"rendered":"<p>[:en] Life Coaching: what is it and what for? Firstly, the life coaching is a 60 minute session. It takes place biweekly (for 3-6 months) with a trained coach and psychologist. This provides a space for speaking and being heard &#8211; a space that usually is unavailable to foster caretakers. Secondly, this is a personal [&hellip;]<\/p>\n","protected":false},"author":4,"featured_media":0,"comment_status":"open","ping_status":"open","sticky":false,"template":"","format":"standard","meta":{"footnotes":""},"categories":[14],"tags":[],"class_list":["post-2334","post","type-post","status-publish","format-standard","hentry","category-programy-i-projekty"],"_links":{"self":[{"href":"https:\/\/projektroz.unitunicorn.com\/index.php?rest_route=\/wp\/v2\/posts\/2334","targetHints":{"allow":["GET"]}}],"collection":[{"href":"https:\/\/projektroz.unitunicorn.com\/index.php?rest_route=\/wp\/v2\/posts"}],"about":[{"href":"https:\/\/projektroz.unitunicorn.com\/index.php?rest_route=\/wp\/v2\/types\/post"}],"author":[{"embeddable":true,"href":"https:\/\/projektroz.unitunicorn.com\/index.php?rest_route=\/wp\/v2\/users\/4"}],"replies":[{"embeddable":true,"href":"https:\/\/projektroz.unitunicorn.com\/index.php?rest_route=%2Fwp%2Fv2%2Fcomments&post=2334"}],"version-history":[{"count":0,"href":"https:\/\/projektroz.unitunicorn.com\/index.php?rest_route=\/wp\/v2\/posts\/2334\/revisions"}],"wp:attachment":[{"href":"https:\/\/projektroz.unitunicorn.com\/index.php?rest_route=%2Fwp%2Fv2%2Fmedia&parent=2334"}],"wp:term":[{"taxonomy":"category","embeddable":true,"href":"https:\/\/projektroz.unitunicorn.com\/index.php?rest_route=%2Fwp%2Fv2%2Fcategories&post=2334"},{"taxonomy":"post_tag","embeddable":true,"href":"https:\/\/projektroz.unitunicorn.com\/index.php?rest_route=%2Fwp%2Fv2%2Ftags&post=2334"}],"curies":[{"name":"wp","href":"https:\/\/api.w.org\/{rel}","templated":true}]}}