{"id":2685,"date":"2020-12-05T00:44:14","date_gmt":"2020-12-04T23:44:14","guid":{"rendered":"https:\/\/www.wp-projekt-roz.generalcube.com\/?p=2685"},"modified":"2020-12-05T00:44:14","modified_gmt":"2020-12-04T23:44:14","slug":"magdalena-szafranek","status":"publish","type":"post","link":"https:\/\/projektroz.unitunicorn.com\/?p=2685","title":{"rendered":"[:pl]prof. Magdalena Szafranek[:]"},"content":{"rendered":"[:en]\n<p>I am a sociologist and lawyer, and work at the Institute of Applied Social Sciences of the University of Warsaw. My specialization is research in supporting children and families in the local environment and changes in civil society.<\/p>\n\n\n\n<p>I am involved as a member of the Board of the Association of Family Judges in Poland and the General Committee of the International Association of Family and Peace Judges. As well as the editor-in-chief of the scientific journal &#8211; The Wronged Child. Theory. Research. The Practice, whose publisher is the Foundation Give Strength to Children.<\/p>\n[:pl]\n<p>Jestem socjolo\u017ck\u0105 i prawniczk\u0105, pracuje w Instytucie Stosowanych Nauk Spo\u0142ecznych Uniwersytetu Warszawskiego. Moja specjalizacja to badania dotycz\u0105ce wspierania dziecka i rodziny w \u015brodowisku lokalnym oraz zmian dotycz\u0105cych spo\u0142ecze\u0144stwa obywatelskiego.<\/p>\n\n\n\n<p>Anga\u017cuje si\u0119 jako cz\u0142onek Zarz\u0105du Stowarzyszenia S\u0119dzi\u00f3w Rodzinnych w Polsce i Komitetu Generalnego Mi\u0119dzynarodowego Stowarzyszeni S\u0119dzi\u00f3w Rodzinnych i S\u0119dzi\u00f3w Pokoju, oraz redaktorka naczelna czasopisma naukowego \u2013 Dziecko Krzywdzone. Teoria. Badania. Praktyka, kt\u00f3rego wydawc\u0105 jest Fundacja Dajemy Dzieciom Si\u0142\u0119.<\/p>\n[:]","protected":false},"excerpt":{"rendered":"<p>[:en] I am a sociologist and lawyer, and work at the Institute of Applied Social Sciences of the University of Warsaw. My specialization is research in supporting children and families in the local environment and changes in civil society. I am involved as a member of the Board of the Association of Family Judges in [&hellip;]<\/p>\n","protected":false},"author":2,"featured_media":0,"comment_status":"open","ping_status":"open","sticky":false,"template":"","format":"standard","meta":{"footnotes":""},"categories":[6],"tags":[],"class_list":["post-2685","post","type-post","status-publish","format-standard","hentry","category-rada_fundacji"],"_links":{"self":[{"href":"https:\/\/projektroz.unitunicorn.com\/index.php?rest_route=\/wp\/v2\/posts\/2685","targetHints":{"allow":["GET"]}}],"collection":[{"href":"https:\/\/projektroz.unitunicorn.com\/index.php?rest_route=\/wp\/v2\/posts"}],"about":[{"href":"https:\/\/projektroz.unitunicorn.com\/index.php?rest_route=\/wp\/v2\/types\/post"}],"author":[{"embeddable":true,"href":"https:\/\/projektroz.unitunicorn.com\/index.php?rest_route=\/wp\/v2\/users\/2"}],"replies":[{"embeddable":true,"href":"https:\/\/projektroz.unitunicorn.com\/index.php?rest_route=%2Fwp%2Fv2%2Fcomments&post=2685"}],"version-history":[{"count":0,"href":"https:\/\/projektroz.unitunicorn.com\/index.php?rest_route=\/wp\/v2\/posts\/2685\/revisions"}],"wp:attachment":[{"href":"https:\/\/projektroz.unitunicorn.com\/index.php?rest_route=%2Fwp%2Fv2%2Fmedia&parent=2685"}],"wp:term":[{"taxonomy":"category","embeddable":true,"href":"https:\/\/projektroz.unitunicorn.com\/index.php?rest_route=%2Fwp%2Fv2%2Fcategories&post=2685"},{"taxonomy":"post_tag","embeddable":true,"href":"https:\/\/projektroz.unitunicorn.com\/index.php?rest_route=%2Fwp%2Fv2%2Ftags&post=2685"}],"curies":[{"name":"wp","href":"https:\/\/api.w.org\/{rel}","templated":true}]}}