{"id":2872,"date":"2021-01-04T13:49:24","date_gmt":"2021-01-04T12:49:24","guid":{"rendered":"https:\/\/projektroz.pl\/?p=2872"},"modified":"2021-01-04T13:49:24","modified_gmt":"2021-01-04T12:49:24","slug":"legenda-o-samobojstwie","status":"publish","type":"post","link":"https:\/\/projektroz.unitunicorn.com\/?p=2872","title":{"rendered":"[:en]Legend of suicide[:pl]Legenda o samob\u00f3jstwie[:]"},"content":{"rendered":"[:en]\n<figure class=\"wp-block-image size-medium\"><img decoding=\"async\" src=\"https:\/\/projektroz.pl\/wp-content\/uploads\/2021\/01\/3917c58a-bbfd-43e0-9e02-d3227060d9a7_900x-208x300.jpeg\" alt=\"\" class=\"wp-image-2873\"\/><\/figure>\n\n\n\n<p>The legend of suicide is David Vann&#8217;s debut book. Originally published in English in 2009.<\/p>\n\n\n\n<p>In six short stories, the author confronts the subject of his father&#8217;s suicidal death. By giving his writing therapeutic qualities, David Vann tries to recreate his complicated relationship with his father. He looks for the reasons for his decision and wonders if they still have any ties with their father after his death. In his short stories, Vann changes the trauma he experiences not only by cases but also by people.<\/p>\n\n\n\n<p>In various variants, the suicide is the father of the hero\/author, or the hero himself. As in the short story &#8220;Sukkwan Island&#8221;, where the author wants to force the main character to feel remorse after the suicidal death of his child. With simple but powerful and sometimes even brutal prose, Vann touches the most intimate zones in the father-son relationship, leaving no room for compromise. The balance between guilt, responsibility and hurt is difficult to maintain and impossible without forgiveness. After all, in the Legend of Suicide, all the stories come down to a single conclusion; suicidal death turns out to be an easy one, a shortcut, real pain and burden for those who stay. And they must live with it.<\/p>\n\n\n\n<p>You can find more recommended books <a href=\"https:\/\/projektroz.pl\/\/literatura\" target=\"_blank\" rel=\"noreferrer noopener\">here<\/a>.<\/p>\n[:pl]\n<figure class=\"wp-block-image size-medium\"><img decoding=\"async\" src=\"https:\/\/projektroz.pl\/wp-content\/uploads\/2021\/01\/3917c58a-bbfd-43e0-9e02-d3227060d9a7_900x-208x300.jpeg\" alt=\"\" class=\"wp-image-2873\"\/><\/figure>\n\n\n\n<p>Legenda o samob\u00f3jstwie jest debiutanck\u0105 ksi\u0105\u017ck\u0105 Davida Vanna. Wydana przez <a href=\"https:\/\/wydawnictwopauza.pl\/david-vann\/\" target=\"_blank\" rel=\"noreferrer noopener\">Wydawnictwo Pauza<\/a>, w roku 2018.<\/p>\n\n\n\n<p>W sze\u015bciu kr\u00f3tkich opowiadaniach autor mierzy si\u0119 z tematem samob\u00f3jczej \u015bmierci ojca. Nadaj\u0105c swojemu pisarstwu cechy terapeutyczne, David Vann pr\u00f3buje odtworzy\u0107 skomplikowane relacje z ojcem. Szuka przyczyn jego decyzji oraz zastanawia si\u0119 czy po \u015bmierci ojca \u0142\u0105cz\u0105 ich jeszcze jakie\u015b wi\u0119zi. W swoich opowiadaniach Vann doznan\u0105 traum\u0119 odmienia nie tylko przez przypadki, ale r\u00f3wnie\u017c przez osoby. <\/p>\n\n\n\n<p>W r\u00f3\u017cnych wariantach samob\u00f3jc\u0105 jest ojciec bohatera\/autora, lub sam bohater. Tak jak w opowiadaniu \u201eWyspa Sukkwan\u201d, gdzie autor chce wymusi\u0107 na g\u0142\u00f3wnym bohaterze wyrzuty sumienia po samob\u00f3jczej \u015bmierci jego dziecka. Prost\u0105, ale mocn\u0105, a momentami wr\u0119cz brutaln\u0105 proz\u0105, Vann dotyka najintymniejszych stref w relacji ojciec-syn, nie pozostawiaj\u0105c miejsca na kompromisy. Balans pomi\u0119dzy poczuciem winy, odpowiedzialno\u015bci\u0105 a uczuciem skrzywdzenia jest trudny do utrzymania i niemo\u017cliwy bez wybaczenia. Ostatecznie w Legenda o samob\u00f3jstwie wszystkie opowiadania sprowadzaj\u0105 si\u0119 do jednego wniosku; samob\u00f3jcza \u015bmier\u0107 okazuje si\u0119 p\u00f3j\u015bciem na \u0142atwizn\u0119, drog\u0105 na skr\u00f3ty, prawdziwy b\u00f3l i ci\u0119\u017car odczuwaj\u0105 ci, kt\u00f3rzy zostali. I musz\u0105 z tym \u017cy\u0107.<\/p>\n\n\n\n<p>Wi\u0119cej rekomendowanych ksi\u0105\u017cek znajdziecie <a href=\"https:\/\/projektroz.pl\/\/literatura\">tutaj<\/a>.<\/p>\n[:]","protected":false},"excerpt":{"rendered":"<p>[:en] The legend of suicide is David Vann&#8217;s debut book. Originally published in English in 2009. In six short stories, the author confronts the subject of his father&#8217;s suicidal death. By giving his writing therapeutic qualities, David Vann tries to recreate his complicated relationship with his father. He looks for the reasons for his decision [&hellip;]<\/p>\n","protected":false},"author":4,"featured_media":0,"comment_status":"closed","ping_status":"closed","sticky":false,"template":"","format":"standard","meta":{"footnotes":""},"categories":[21,16],"tags":[],"class_list":["post-2872","post","type-post","status-publish","format-standard","hentry","category-literatura","category-propaganda"],"_links":{"self":[{"href":"https:\/\/projektroz.unitunicorn.com\/index.php?rest_route=\/wp\/v2\/posts\/2872","targetHints":{"allow":["GET"]}}],"collection":[{"href":"https:\/\/projektroz.unitunicorn.com\/index.php?rest_route=\/wp\/v2\/posts"}],"about":[{"href":"https:\/\/projektroz.unitunicorn.com\/index.php?rest_route=\/wp\/v2\/types\/post"}],"author":[{"embeddable":true,"href":"https:\/\/projektroz.unitunicorn.com\/index.php?rest_route=\/wp\/v2\/users\/4"}],"replies":[{"embeddable":true,"href":"https:\/\/projektroz.unitunicorn.com\/index.php?rest_route=%2Fwp%2Fv2%2Fcomments&post=2872"}],"version-history":[{"count":0,"href":"https:\/\/projektroz.unitunicorn.com\/index.php?rest_route=\/wp\/v2\/posts\/2872\/revisions"}],"wp:attachment":[{"href":"https:\/\/projektroz.unitunicorn.com\/index.php?rest_route=%2Fwp%2Fv2%2Fmedia&parent=2872"}],"wp:term":[{"taxonomy":"category","embeddable":true,"href":"https:\/\/projektroz.unitunicorn.com\/index.php?rest_route=%2Fwp%2Fv2%2Fcategories&post=2872"},{"taxonomy":"post_tag","embeddable":true,"href":"https:\/\/projektroz.unitunicorn.com\/index.php?rest_route=%2Fwp%2Fv2%2Ftags&post=2872"}],"curies":[{"name":"wp","href":"https:\/\/api.w.org\/{rel}","templated":true}]}}