{"id":3135,"date":"2021-03-26T08:16:50","date_gmt":"2021-03-26T07:16:50","guid":{"rendered":"https:\/\/projektroz.pl\/?p=3135"},"modified":"2021-03-26T08:16:50","modified_gmt":"2021-03-26T07:16:50","slug":"usamodzielnieni-finansowo","status":"publish","type":"post","link":"https:\/\/projektroz.unitunicorn.com\/?p=3135","title":{"rendered":"[:pl]uSAMODZIELNIeni finansowo[:]"},"content":{"rendered":"[:en]\n<p>Historia tego projektu zacz\u0119\u0142a si\u0119 w roku 2017 i trwa nadal. Teraz, to ju\u017c nie i jeszcze nie historia, ale wznowienie realizacji. W lecie 2017 roku odebra\u0142am telefon z pytaniem czy mamy pomys\u0142 i czy podejmiemy si\u0119 wsp\u00f3\u0142pracy i realizacji projektu \u201edla pieczy zast\u0119pczej\u201d. <br>Odpowied\u017a brzmia\u0142a &#8211; tak. I po kilku miesi\u0105cach wsp\u00f3\u0142pracy Fundacji PROJEKT ROZ i Ma\u0142opolskiej Szko\u0142y Administracji Publicznej UEK powsta\u0142 projekt <a href=\"https:\/\/pieczazastepcza.uek.krakow.pl\/\" target=\"_blank\" rel=\"noreferrer noopener\">\u201euSAMODZIELNIeni finansowo\u201d<\/a> realizuj\u0105cy trzeci\u0105 misj\u0119 uczelni rozumian\u0105, jako forum aktywno\u015bci spo\u0142ecznej. Aktywno\u015bci poprzez programy realizowane przy wsp\u00f3\u0142pracy z organizacjami pozarz\u0105dowymi, przyczyniaj\u0105ce si\u0119 do rozwoju kompetencji kluczowych, odpowiadaj\u0105cych potrzebom rynku pracy, gospodarki i spo\u0142ecze\u0144stwa. <br>Ze wzgl\u0119du na COVID projekt kontynuowany jest online.<\/p>\n\n\n\n<p>Przedsi\u0119wzi\u0119cie skierowane jest do opiekun\u00f3w i os\u00f3b bezpo\u015brednio pracuj\u0105cych z dzie\u0107mi, m\u0142odzie\u017c\u0105 i ich rodzinami, kt\u00f3rego celem jest podniesienie kompetencji z zakresu:<br>&#8211; ekonomii i finans\u00f3w,<br>&#8211; komunikacji spo\u0142ecznej,<br>&#8211; pieczy zast\u0119pczej.<\/p>\n\n\n\n<p>Ka\u017cdy uczestnik projektu bierze udzia\u0142 w 72 godzinach zaj\u0119\u0107, uzupe\u0142nionych o indywidualne doradztwo z trenerami oraz wsp\u00f3ln\u0105 prac\u0119 z podopiecznymi.<\/p>\n\n\n\n<h4 class=\"wp-block-heading\"><strong>Problem, na kt\u00f3ry odpowiada projekt<\/strong><\/h4>\n\n\n\n<p>Jednym z g\u0142\u00f3wnych zada\u0144 stawianych przed osobami pracuj\u0105cymi z dzie\u0107mi w pieczy zast\u0119pczej oraz ich rodzinami biologicznymi, jest przygotowanie dziecka i rodziny do reintegracji i samodzielnego \u017cycia. Tymczasem <em>bie\u017c\u0105ce wsparcie dla os\u00f3b b\u0119d\u0105cych w procesie usamodzielnienia praktycznie nie obejmuje kszta\u0142towania umiej\u0119tno\u015bci w\u0142a\u015bciwego dysponowania zasobami.<\/em> Odpowiedzi\u0105 na tak zdefiniowany problem s\u0105 szkolenia zaplanowane w projekcie \u201euSAMODZIELNIeni finansowo\u201d, kt\u00f3rych g\u0142\u00f3wnym zamys\u0142em jest wyposa\u017cenie 90 os\u00f3b dzia\u0142aj\u0105cych na rzecz dzieci w pieczy zast\u0119pczej w podstawow\u0105 wiedz\u0105 i kompetencje z zakresu ekonomii i finans\u00f3w.<\/p>\n\n\n\n<p>Finansowanie<br>Warto\u015b\u0107 projektu: 763 137,50 z\u0142<br>Warto\u015b\u0107 dofinansowania z Funduszy Europejskich: 643 172,29 z\u0142 w ramach Programu Wiedza Edukacja Rozw\u00f3j <\/p>\n\n\n\n<figure class=\"wp-block-image size-large\"><img decoding=\"async\" src=\"https:\/\/projektroz.pl\/wp-content\/uploads\/2021\/04\/Bezplatne-Szkolenie03.png\" alt=\"\" class=\"wp-image-3210\"\/><\/figure>\n[:pl]\n<p>Historia tego projektu zacz\u0119\u0142a si\u0119 w roku 2017 i trwa nadal. Teraz, to ju\u017c nie i jeszcze nie historia, ale wznowienie realizacji. W lecie 2017 roku odebra\u0142am telefon z pytaniem czy mamy pomys\u0142 i czy podejmiemy si\u0119 wsp\u00f3\u0142pracy i realizacji projektu \u201edla pieczy zast\u0119pczej\u201d. <br>Odpowied\u017a brzmia\u0142a &#8211; tak. I po kilku miesi\u0105cach wsp\u00f3\u0142pracy Fundacji PROJEKT ROZ i Ma\u0142opolskiej Szko\u0142y Administracji Publicznej UEK powsta\u0142 projekt <a href=\"https:\/\/pieczazastepcza.uek.krakow.pl\/\" target=\"_blank\" rel=\"noreferrer noopener\">\u201euSAMODZIELNIeni finansowo\u201d<\/a> realizuj\u0105cy trzeci\u0105 misj\u0119 uczelni rozumian\u0105, jako forum aktywno\u015bci spo\u0142ecznej. Aktywno\u015bci poprzez programy realizowane przy wsp\u00f3\u0142pracy z organizacjami pozarz\u0105dowymi, przyczyniaj\u0105ce si\u0119 do rozwoju kompetencji kluczowych, odpowiadaj\u0105cych potrzebom rynku pracy, gospodarki i spo\u0142ecze\u0144stwa. <br>Ze wzgl\u0119du na COVID projekt kontynuowany jest online.<\/p>\n\n\n\n<p>Przedsi\u0119wzi\u0119cie skierowane jest do opiekun\u00f3w i os\u00f3b bezpo\u015brednio pracuj\u0105cych z dzie\u0107mi, m\u0142odzie\u017c\u0105 i ich rodzinami, kt\u00f3rego celem jest podniesienie kompetencji z zakresu:<br>&#8211; ekonomii i finans\u00f3w,<br>&#8211; komunikacji spo\u0142ecznej,<br>&#8211; pieczy zast\u0119pczej.<\/p>\n\n\n\n<p>Ka\u017cdy uczestnik projektu bierze udzia\u0142 w 72 godzinach zaj\u0119\u0107, uzupe\u0142nionych o indywidualne doradztwo z trenerami oraz wsp\u00f3ln\u0105 prac\u0119 z podopiecznymi.<\/p>\n\n\n\n<h4 class=\"wp-block-heading\"><strong>Problem, na kt\u00f3ry odpowiada projekt<\/strong><\/h4>\n\n\n\n<p>Jednym z g\u0142\u00f3wnych zada\u0144 stawianych przed osobami pracuj\u0105cymi z dzie\u0107mi w pieczy zast\u0119pczej oraz ich rodzinami biologicznymi, jest przygotowanie dziecka i rodziny do reintegracji i samodzielnego \u017cycia. Tymczasem <em>bie\u017c\u0105ce wsparcie dla os\u00f3b b\u0119d\u0105cych w procesie usamodzielnienia praktycznie nie obejmuje kszta\u0142towania umiej\u0119tno\u015bci w\u0142a\u015bciwego dysponowania zasobami.<\/em> Odpowiedzi\u0105 na tak zdefiniowany problem s\u0105 szkolenia zaplanowane w projekcie \u201euSAMODZIELNIeni finansowo\u201d, kt\u00f3rych g\u0142\u00f3wnym zamys\u0142em jest wyposa\u017cenie 90 os\u00f3b dzia\u0142aj\u0105cych na rzecz dzieci w pieczy zast\u0119pczej w podstawow\u0105 wiedz\u0105 i kompetencje z zakresu ekonomii i finans\u00f3w.<\/p>\n\n\n\n<p>Finansowanie<br>Warto\u015b\u0107 projektu: 763 137,50 z\u0142<br>Warto\u015b\u0107 dofinansowania z Funduszy Europejskich: 643 172,29 z\u0142 w ramach Programu Wiedza Edukacja Rozw\u00f3j <\/p>\n\n\n\n<figure class=\"wp-block-image size-large\"><img decoding=\"async\" src=\"https:\/\/projektroz.pl\/wp-content\/uploads\/2021\/04\/Bezplatne-Szkolenie03.png\" alt=\"uSAMODZIELNIeni finansowo\" class=\"wp-image-3210\"\/><\/figure>\n[:]","protected":false},"excerpt":{"rendered":"<p>[:en] Historia tego projektu zacz\u0119\u0142a si\u0119 w roku 2017 i trwa nadal. Teraz, to ju\u017c nie i jeszcze nie historia, ale wznowienie realizacji. W lecie 2017 roku odebra\u0142am telefon z pytaniem czy mamy pomys\u0142 i czy podejmiemy si\u0119 wsp\u00f3\u0142pracy i realizacji projektu \u201edla pieczy zast\u0119pczej\u201d. Odpowied\u017a brzmia\u0142a &#8211; tak. I po kilku miesi\u0105cach wsp\u00f3\u0142pracy Fundacji [&hellip;]<\/p>\n","protected":false},"author":3,"featured_media":0,"comment_status":"closed","ping_status":"closed","sticky":false,"template":"","format":"standard","meta":{"footnotes":""},"categories":[12,13,14,10,15],"tags":[],"class_list":["post-3135","post","type-post","status-publish","format-standard","hentry","category-granty","category-timeline","category-programy-i-projekty","category-sidebar","category-szkolenia"],"_links":{"self":[{"href":"https:\/\/projektroz.unitunicorn.com\/index.php?rest_route=\/wp\/v2\/posts\/3135","targetHints":{"allow":["GET"]}}],"collection":[{"href":"https:\/\/projektroz.unitunicorn.com\/index.php?rest_route=\/wp\/v2\/posts"}],"about":[{"href":"https:\/\/projektroz.unitunicorn.com\/index.php?rest_route=\/wp\/v2\/types\/post"}],"author":[{"embeddable":true,"href":"https:\/\/projektroz.unitunicorn.com\/index.php?rest_route=\/wp\/v2\/users\/3"}],"replies":[{"embeddable":true,"href":"https:\/\/projektroz.unitunicorn.com\/index.php?rest_route=%2Fwp%2Fv2%2Fcomments&post=3135"}],"version-history":[{"count":0,"href":"https:\/\/projektroz.unitunicorn.com\/index.php?rest_route=\/wp\/v2\/posts\/3135\/revisions"}],"wp:attachment":[{"href":"https:\/\/projektroz.unitunicorn.com\/index.php?rest_route=%2Fwp%2Fv2%2Fmedia&parent=3135"}],"wp:term":[{"taxonomy":"category","embeddable":true,"href":"https:\/\/projektroz.unitunicorn.com\/index.php?rest_route=%2Fwp%2Fv2%2Fcategories&post=3135"},{"taxonomy":"post_tag","embeddable":true,"href":"https:\/\/projektroz.unitunicorn.com\/index.php?rest_route=%2Fwp%2Fv2%2Ftags&post=3135"}],"curies":[{"name":"wp","href":"https:\/\/api.w.org\/{rel}","templated":true}]}}