{"id":3267,"date":"2021-06-12T17:29:26","date_gmt":"2021-06-12T15:29:26","guid":{"rendered":"https:\/\/projektroz.pl\/?p=3267"},"modified":"2021-06-12T17:29:26","modified_gmt":"2021-06-12T15:29:26","slug":"pamietnik","status":"publish","type":"post","link":"https:\/\/projektroz.unitunicorn.com\/?p=3267","title":{"rendered":"[:en]Diary[:pl]Pami\u0119tnik[:]"},"content":{"rendered":"[:en]\n<figure class=\"wp-block-image size-medium\"><img decoding=\"async\" src=\"https:\/\/projektroz.pl\/wp-content\/uploads\/2021\/06\/pami_tnik._janusz_korczak-204x300.jpg\" alt=\"Ok\u0142adka ksi\u0105\u017cki Pami\u0119tnik napisana przez Janusza Korczaka\" class=\"wp-image-3268\" title=\"Ok\u0142adka ksi\u0105\u017cki Pami\u0119tnik napisana przez Janusza Korczaka\"\/><\/figure>\n\n\n\n<p>Diary is a book written by Janusz Korczak, published in 2020 by <a href=\"https:\/\/www.facebook.com\/Siedmiorog\/\" target=\"_blank\" rel=\"noreferrer noopener\">Siedmior\u00f3g Publishing House<\/a> and available only in polish. <\/p>\n\n\n\n<p>&#8220;I am not to be loved and admired, but to act and love &#8220;*.<\/p>\n\n\n\n<p>Janusz Korczak is known to everyone. For those who work with children on a daily basis, he became a model and benchmark of devotion and empathy. His respectful and accepting approach to children became the basis of today&#8217;s pedagogy. He treated children as independent, full-fledged beings, worthy and deserving of love.<\/p>\n\n\n\n<p>He began writing his memoir in May 1942, in the ghetto. He finished it in August of the same year. Or rather, he did not finish, simply the diary ends on the date of August 4, 1942.<\/p>\n\n\n\n<p>It is a very difficult read, as the author writes in an extremely chaotic manner, he breaks off threads, does not elaborate, or starts the story from the middle. It resembles a free flowing stream of consciousness rather than linear memoirs. Why did he start writing it? To sum up his own life? To find some meaning, significance in it? Or to distract his thoughts from the nightmare of war?<\/p>\n\n\n\n<p>In the &#8220;Diary&#8221; Korczak engages in a dialogue with his own death. It is for her that he writes, for her that he sums up his life, for her that he creates his curriculum vitae. It is for her that he accounts for his achievements and failures. He thinks about her and views the world only from her perspective. But he does not go out to meet her, he waits patiently for her to come to him. Although he misses her so much.<\/p>\n\n\n\n<p><em>*J.Korczak, &#8220;Pami\u0119tnik&#8221;, wyd. Siedmior\u00f3g, Wroc\u0142aw 2020, pg.61.<\/em><\/p>\n\n\n\n<p><\/p>\n\n\n\n<p>? You can find more recommended books <a href=\"https:\/\/projektroz.pl\/\/literatura\" target=\"_blank\" rel=\"noreferrer noopener\">here<\/a>.<\/p>\n[:pl]\n<figure class=\"wp-block-image size-medium\"><img decoding=\"async\" src=\"https:\/\/projektroz.pl\/wp-content\/uploads\/2021\/06\/pami_tnik._janusz_korczak-204x300.jpg\" alt=\"Ksi\u0105\u017cka Pami\u0119tnik napisana przez Janusza Korczaka\" class=\"wp-image-3268\" title=\"Ksi\u0105\u017cka Pami\u0119tnik napisana przez Janusza Korczaka\"\/><\/figure>\n\n\n\n<p>Pami\u0119tnik to ksi\u0105\u017cka napisana przez Janusza Korczaka, wydana w 2020 przez <a href=\"https:\/\/siedmiorog.pl\/pamietnik.htmlOLD#256=699\" target=\"_blank\" rel=\"noreferrer noopener\">Wydawnictwo Siedmior\u00f3g<\/a>. <\/p>\n\n\n\n<p>&#8220;<em>Jestem nie po to, aby mnie kochali i podziwiali, ale po to, abym ja dzia\u0142a\u0142 i kocha\u0142<\/em>&#8220;*<\/p>\n\n\n\n<p>Janusza Korczaka znaj\u0105 wszyscy. Dla tych, kt\u00f3rzy na co dzie\u0144 pracuj\u0105 z dzie\u0107mi, sta\u0142 si\u0119 wzorem i wyznacznikiem oddania oraz empatii. Jego pe\u0142ne szacunku i akceptacji podej\u015bcie do dzieci sta\u0142o si\u0119 podstaw\u0105 dzisiejszej pedagogiki. Traktowa\u0142 dzieci jak niezale\u017cne, pe\u0142nowarto\u015bciowe istoty, godne i zas\u0142uguj\u0105ce na mi\u0142o\u015b\u0107.<\/p>\n\n\n\n<p>Pami\u0119tnik zacz\u0105\u0142 pisa\u0107 w maju 1942 roku, w gettcie. Sko\u0144czy\u0142 w sierpniu tego samego roku. Albo raczej nie sko\u0144czy\u0142, po prostu pami\u0119tnik ko\u0144czy si\u0119 na dacie 4 sierpnia 1942 roku.<\/p>\n\n\n\n<p>Jest to bardzo trudna lektura, autor pisze niezwykle chaotycznie, urywa w\u0105tki, nie dopowiada, albo zaczyna opowie\u015b\u0107 od \u015brodka. Przypomina to bardziej swobodny przep\u0142yw strumienia \u015bwiadomo\u015bci ni\u017c linearne wspomnienia. Po co zacz\u0105\u0142 go pisa\u0107? Dla podsumowania w\u0142asnego \u017cycia? Dla znalezienia w nim jakiego\u015b sensu, znaczenia? Czy dla odci\u0105gni\u0119cia my\u015bli od koszmaru wojny?<\/p>\n\n\n\n<p>Korczak prowadzi w &#8220;Pami\u0119tniku&#8221; dialog z w\u0142asn\u0105 \u015bmierci\u0105. To dla niej pisze, dla niej podsumowuje swoje \u017cycie, dla niej tworzy to curriculum vitae. To przed ni\u0105 si\u0119 rozlicza ze swoich osi\u0105gni\u0119\u0107 i pora\u017cek. O niej my\u015bli i tylko z jej perspektywy ogl\u0105da ju\u017c \u015bwiat. Ale nie wychodzi jej naprzeciw, czeka cierpliwie, a\u017c sama do niego przyjdzie. Cho\u0107 tak do niej ju\u017c t\u0119skni.&nbsp;<\/p>\n\n\n\n<p><em>*J.Korczak, &#8220;Pami\u0119tnik&#8221;, wyd. Siedmior\u00f3g, Wroc\u0142aw 2020, str. 61.<\/em><\/p>\n\n\n\n<p><\/p>\n\n\n\n<p>? Wi\u0119cej rekomendowanych ksi\u0105\u017cek znajdziecie <a href=\"https:\/\/projektroz.pl\/\/literatura\">tutaj<\/a>.<\/p>\n[:]","protected":false},"excerpt":{"rendered":"<p>[:en] Diary is a book written by Janusz Korczak, published in 2020 by Siedmior\u00f3g Publishing House and available only in polish. &#8220;I am not to be loved and admired, but to act and love &#8220;*. Janusz Korczak is known to everyone. For those who work with children on a daily basis, he became a model [&hellip;]<\/p>\n","protected":false},"author":4,"featured_media":0,"comment_status":"closed","ping_status":"closed","sticky":false,"template":"","format":"standard","meta":{"footnotes":""},"categories":[21,16],"tags":[],"class_list":["post-3267","post","type-post","status-publish","format-standard","hentry","category-literatura","category-propaganda"],"_links":{"self":[{"href":"https:\/\/projektroz.unitunicorn.com\/index.php?rest_route=\/wp\/v2\/posts\/3267","targetHints":{"allow":["GET"]}}],"collection":[{"href":"https:\/\/projektroz.unitunicorn.com\/index.php?rest_route=\/wp\/v2\/posts"}],"about":[{"href":"https:\/\/projektroz.unitunicorn.com\/index.php?rest_route=\/wp\/v2\/types\/post"}],"author":[{"embeddable":true,"href":"https:\/\/projektroz.unitunicorn.com\/index.php?rest_route=\/wp\/v2\/users\/4"}],"replies":[{"embeddable":true,"href":"https:\/\/projektroz.unitunicorn.com\/index.php?rest_route=%2Fwp%2Fv2%2Fcomments&post=3267"}],"version-history":[{"count":0,"href":"https:\/\/projektroz.unitunicorn.com\/index.php?rest_route=\/wp\/v2\/posts\/3267\/revisions"}],"wp:attachment":[{"href":"https:\/\/projektroz.unitunicorn.com\/index.php?rest_route=%2Fwp%2Fv2%2Fmedia&parent=3267"}],"wp:term":[{"taxonomy":"category","embeddable":true,"href":"https:\/\/projektroz.unitunicorn.com\/index.php?rest_route=%2Fwp%2Fv2%2Fcategories&post=3267"},{"taxonomy":"post_tag","embeddable":true,"href":"https:\/\/projektroz.unitunicorn.com\/index.php?rest_route=%2Fwp%2Fv2%2Ftags&post=3267"}],"curies":[{"name":"wp","href":"https:\/\/api.w.org\/{rel}","templated":true}]}}