{"id":3290,"date":"2021-07-21T18:45:13","date_gmt":"2021-07-21T16:45:13","guid":{"rendered":"https:\/\/projektroz.pl\/?p=3290"},"modified":"2021-07-21T18:45:13","modified_gmt":"2021-07-21T16:45:13","slug":"opowiesci-nierodzicow","status":"publish","type":"post","link":"https:\/\/projektroz.unitunicorn.com\/?p=3290","title":{"rendered":"[:pl]Opowie\u015bci Nierodzic\u00f3w (?)[:]"},"content":{"rendered":"[:pl]\n<p>Dzisiaj og\u0142aszamy program stworzony dla pisarzy &#8211; <strong>Opowie\u015bci Nierodzic\u00f3w (?)<\/strong> <\/p>\n\n\n\n<p>Wiemy \u017ce jeste\u015bcie mi\u0119dzy nami, Ci kt\u00f3rzy (s\u0105 opiekunami \/ rodzicami w rodzinnej pieczy zast\u0119pczej) w wolnym czasie pisz\u0105, czasem wi\u0119cej czasem mniej.\u2800\u2800<br>\u2800\u2800<br>Mamy wymy\u015blony przez Nas &#8211; dla Was projekt czyli warsztaty pisania osobistych historii kt\u00f3re poprowadzi <strong><a href=\"https:\/\/czarne.com.pl\/katalog\/autorzy\/mikolaj-grynberg\" target=\"_blank\" rel=\"noreferrer noopener\">Miko\u0142aj Grynberg<\/a><\/strong>, pisarz, fotograf, psycholog z wykszta\u0142cenia. B\u0119dzie to warsztat prowadzony w ma\u0142ej kilkuosobowej grupie. Skupiaj\u0105cy si\u0119 na Waszym rozwoju pisarskim. \u2800\u2800<br>\u2800\u2800<br>Projekt b\u0119dzie trwa\u0142 rok, z my\u015bl\u0105 \u017ce w\u0142a\u015bnie tutaj za rok spotkamy si\u0119 z ksi\u0105\u017ck\u0105 kt\u00f3r\u0105 wsp\u00f3lnie wydamy. Program jest realizowany dzi\u0119ki funduszom <a href=\"http:\/\/www.fondation-janmichalski.com\/pl\/\" target=\"_blank\" rel=\"noreferrer noopener\">Fondation Jan Michalski<\/a> w Szwajcarii. \u2800\u2800<\/p>\n\n\n\n<h5 class=\"wp-block-heading\">Co to oznacza?<\/h5>\n\n\n\n<p>Od dzisiaj do 21 czerwca 2021 zapraszamy was do zg\u0142oszenia si\u0119 do uczestnictwa w programie pod <a href=\"https:\/\/buff.ly\/2ROQuF4\" target=\"_blank\" rel=\"noreferrer noopener\">https:\/\/buff.ly\/2ROQuF4<\/a>. W ci\u0105gu miesi\u0105ca przeczytamy Wasze zg\u0142oszenia i zaprosimy do wsp\u00f3\u0142pracy kilka wybranych os\u00f3b. Pami\u0119tajcie, \u017ce do zg\u0142oszenia trzeba b\u0119dzie do\u0142\u0105czy\u0107 napisany przez siebie tekst \u201eDlaczego chc\u0119 wzi\u0105\u0107 udzia\u0142 w tych warsztatach\u201d o obj\u0119to\u015bci mi\u0119dzy 2 a 2,5 tysi\u0105ca znak\u00f3w ze spacjami. \u2800\u2800<br>\u2800\u2800<br><strong>A za rok spotkamy si\u0119 tak jak dzisiaj czytaj\u0105c fragmenty naszej wsp\u00f3lnej ksi\u0105\u017cki.\u2800<\/strong>\u2800<\/p>\n\n\n\n<figure class=\"wp-block-image size-medium\"><img decoding=\"async\" src=\"https:\/\/projektroz.pl\/wp-content\/uploads\/2021\/06\/2-min-300x300.png\" alt=\"Opowie\u015bci nierodzic\u00f3w (?)\" class=\"wp-image-3292\"\/><\/figure>\n\n\n\n<figure class=\"wp-block-image size-medium\"><img decoding=\"async\" src=\"https:\/\/projektroz.pl\/wp-content\/uploads\/2021\/06\/Annoucement-02-300x300.png\" alt=\"Opowie\u015bci nierodzic\u00f3w - annoucement 02 \" class=\"wp-image-3293\"\/><\/figure>\n\n\n\n<figure class=\"wp-block-image size-medium\"><img decoding=\"async\" src=\"https:\/\/projektroz.pl\/wp-content\/uploads\/2021\/06\/Annoucement-03-300x300.png\" alt=\"Opowie\u015bci nierodzic\u00f3w - annoucement 03\" class=\"wp-image-3294\"\/><\/figure>\n[:]","protected":false},"excerpt":{"rendered":"<p>[:pl] Dzisiaj og\u0142aszamy program stworzony dla pisarzy &#8211; Opowie\u015bci Nierodzic\u00f3w (?) Wiemy \u017ce jeste\u015bcie mi\u0119dzy nami, Ci kt\u00f3rzy (s\u0105 opiekunami \/ rodzicami w rodzinnej pieczy zast\u0119pczej) w wolnym czasie pisz\u0105, czasem wi\u0119cej czasem mniej.\u2800\u2800\u2800\u2800Mamy wymy\u015blony przez Nas &#8211; dla Was projekt czyli warsztaty pisania osobistych historii kt\u00f3re poprowadzi Miko\u0142aj Grynberg, pisarz, fotograf, psycholog z wykszta\u0142cenia. [&hellip;]<\/p>\n","protected":false},"author":4,"featured_media":0,"comment_status":"closed","ping_status":"closed","sticky":false,"template":"","format":"standard","meta":{"footnotes":""},"categories":[12,14,16,10],"tags":[],"class_list":["post-3290","post","type-post","status-publish","format-standard","hentry","category-granty","category-programy-i-projekty","category-propaganda","category-sidebar"],"_links":{"self":[{"href":"https:\/\/projektroz.unitunicorn.com\/index.php?rest_route=\/wp\/v2\/posts\/3290","targetHints":{"allow":["GET"]}}],"collection":[{"href":"https:\/\/projektroz.unitunicorn.com\/index.php?rest_route=\/wp\/v2\/posts"}],"about":[{"href":"https:\/\/projektroz.unitunicorn.com\/index.php?rest_route=\/wp\/v2\/types\/post"}],"author":[{"embeddable":true,"href":"https:\/\/projektroz.unitunicorn.com\/index.php?rest_route=\/wp\/v2\/users\/4"}],"replies":[{"embeddable":true,"href":"https:\/\/projektroz.unitunicorn.com\/index.php?rest_route=%2Fwp%2Fv2%2Fcomments&post=3290"}],"version-history":[{"count":0,"href":"https:\/\/projektroz.unitunicorn.com\/index.php?rest_route=\/wp\/v2\/posts\/3290\/revisions"}],"wp:attachment":[{"href":"https:\/\/projektroz.unitunicorn.com\/index.php?rest_route=%2Fwp%2Fv2%2Fmedia&parent=3290"}],"wp:term":[{"taxonomy":"category","embeddable":true,"href":"https:\/\/projektroz.unitunicorn.com\/index.php?rest_route=%2Fwp%2Fv2%2Fcategories&post=3290"},{"taxonomy":"post_tag","embeddable":true,"href":"https:\/\/projektroz.unitunicorn.com\/index.php?rest_route=%2Fwp%2Fv2%2Ftags&post=3290"}],"curies":[{"name":"wp","href":"https:\/\/api.w.org\/{rel}","templated":true}]}}