{"id":3373,"date":"2021-07-29T13:27:18","date_gmt":"2021-07-29T11:27:18","guid":{"rendered":"https:\/\/projektroz.pl\/?p=3373"},"modified":"2021-07-29T13:27:18","modified_gmt":"2021-07-29T11:27:18","slug":"piecza-radiowy-serial-dokumentalny","status":"publish","type":"post","link":"https:\/\/projektroz.unitunicorn.com\/?p=3373","title":{"rendered":"[:pl]PIECZA : Serial Dokumentalny[:]"},"content":{"rendered":"[:en]\n<figure class=\"wp-block-image size-large is-resized\"><img loading=\"lazy\" decoding=\"async\" src=\"https:\/\/projektroz.pl\/wp-content\/uploads\/2021\/07\/piecza-tok-fm.jpg\" alt=\"Serial radiowy - Piecza\" class=\"wp-image-3374\" width=\"194\" height=\"146\" title=\"Serial radiowy - Piecza\"\/><\/figure>\n\n\n\n<p>Piecza: Serial Dokumentalny &#8211; pocz\u0105tkowo mia\u0142y to by\u0107 cztery odcinki, opowiadaj\u0105ce o systemie pieczy zast\u0119pczej, a w\u0142a\u015bciwie o tym \u017ce go nie ma. W konsekwencji powsta\u0142o ich osiem, a <a href=\"https:\/\/audycje.tokfm.pl\/audycja\/407,Piecza-Radiowy-serial-dokumentalny\" target=\"_blank\" rel=\"noreferrer noopener\">mo\u017cna je wys\u0142ucha\u0107 na stronie radia TOK FM<\/a><\/p>\n\n\n\n<p>Radio TOK FM: pisze o nim tak. <\/p>\n\n\n\n<p>&#8220;Radiowy serial &#8211; Piecza: Serial Dokumentalny opowiada o pe\u0142nym absurd\u00f3w, niedor\u00f3bek i nielogiczno\u015bci systemie, w kt\u00f3rym dziecko nie jest podmiotem, ale przedmiotem. Przez pryzmat historii konkretnych dzieci i konkretnych rodzin autor dokumentu Micha\u0142 Janczura wyja\u015bnia, jak skonstruowany jest system pieczy zast\u0119pczej, do kt\u00f3rego trafiaj\u0105 dzieci opuszczaj\u0105ce rodziny biologiczne. A tak\u017ce jak bardzo, nieraz za wszelk\u0105 cen\u0119 i wbrew wszystkiemu, system stara si\u0119 ich do siebie nie przyj\u0105\u0107.<br><br>Ka\u017cdy z odcink\u00f3w serialu po\u015bwi\u0119cony jest innej cz\u0119\u015bci tego systemu &#8211; zmienia\u0107 si\u0119 w nich b\u0119d\u0105 bohaterowie, czyli odwiedzane przez Micha\u0142a Janczur\u0119 rodziny i przepytywani z procedur urz\u0119dnicy. S\u0142uchacze us\u0142ysz\u0105 nieraz wstrz\u0105saj\u0105ce historie dzieci, kt\u00f3rych zawiod\u0142y najbli\u017csze im osoby. Niestety, nie wszystkie z tych opowie\u015bci maj\u0105 szcz\u0119\u015bliwe zako\u0144czenie.&#8221;<\/p>\n\n\n\n<p>*<a href=\"https:\/\/audycje.tokfm.pl\/audycja\/407,Piecza-Radiowy-serial-dokumentalny\" target=\"_blank\" rel=\"noreferrer noopener\"> https:\/\/audycje.tokfm.pl\/audycja\/407,Piecza-Radiowy-serial-dokumentalny<\/a><\/p>\n\n\n\n<p>Wi\u0119cej rekomendowanych program\u00f3w telewizyjnych i radiowych znajdziecie <a href=\"https:\/\/projektroz.pl\/programy-telewizyjne-i-radiowe\" target=\"_blank\" rel=\"noreferrer noopener\">tutaj<\/a>. <\/p>\n[:pl]\n<figure class=\"wp-block-image size-large is-resized\"><img loading=\"lazy\" decoding=\"async\" src=\"https:\/\/projektroz.pl\/wp-content\/uploads\/2021\/07\/piecza-tok-fm.jpg\" alt=\"Serial radiowy - Piecza\" class=\"wp-image-3374\" width=\"194\" height=\"146\" title=\"Serial radiowy - Piecza\"\/><\/figure>\n\n\n\n<p>Piecza: Serial Dokumentalny &#8211; pocz\u0105tkowo mia\u0142y to by\u0107 cztery odcinki, opowiadaj\u0105ce o systemie pieczy zast\u0119pczej, a w\u0142a\u015bciwie o tym \u017ce go nie ma. W konsekwencji powsta\u0142o ich osiem, a <a href=\"https:\/\/audycje.tokfm.pl\/audycja\/407,Piecza-Radiowy-serial-dokumentalny\" target=\"_blank\" rel=\"noreferrer noopener\">mo\u017cna je wys\u0142ucha\u0107 na stronie radia TOK FM<\/a><\/p>\n\n\n\n<p>Radio TOK FM: pisze o nim tak. <\/p>\n\n\n\n<p>&#8220;Radiowy serial &#8211; Piecza: Serial Dokumentalny opowiada o pe\u0142nym absurd\u00f3w, niedor\u00f3bek i nielogiczno\u015bci systemie, w kt\u00f3rym dziecko nie jest podmiotem, ale przedmiotem. Przez pryzmat historii konkretnych dzieci i konkretnych rodzin autor dokumentu Micha\u0142 Janczura wyja\u015bnia, jak skonstruowany jest system pieczy zast\u0119pczej, do kt\u00f3rego trafiaj\u0105 dzieci opuszczaj\u0105ce rodziny biologiczne. A tak\u017ce jak bardzo, nieraz za wszelk\u0105 cen\u0119 i wbrew wszystkiemu, system stara si\u0119 ich do siebie nie przyj\u0105\u0107.<br><br>Ka\u017cdy z odcink\u00f3w serialu po\u015bwi\u0119cony jest innej cz\u0119\u015bci tego systemu &#8211; zmienia\u0107 si\u0119 w nich b\u0119d\u0105 bohaterowie, czyli odwiedzane przez Micha\u0142a Janczur\u0119 rodziny i przepytywani z procedur urz\u0119dnicy. S\u0142uchacze us\u0142ysz\u0105 nieraz wstrz\u0105saj\u0105ce historie dzieci, kt\u00f3rych zawiod\u0142y najbli\u017csze im osoby. Niestety, nie wszystkie z tych opowie\u015bci maj\u0105 szcz\u0119\u015bliwe zako\u0144czenie.&#8221;<\/p>\n\n\n\n<p>*<a href=\"https:\/\/audycje.tokfm.pl\/audycja\/407,Piecza-Radiowy-serial-dokumentalny\" target=\"_blank\" rel=\"noreferrer noopener\"> https:\/\/audycje.tokfm.pl\/audycja\/407,Piecza-Radiowy-serial-dokumentalny<\/a><\/p>\n\n\n\n<p>Wi\u0119cej rekomendowanych program\u00f3w telewizyjnych i radiowych znajdziecie <a href=\"https:\/\/projektroz.pl\/programy-telewizyjne-i-radiowe\" target=\"_blank\" rel=\"noreferrer noopener\">tutaj<\/a>. <\/p>\n[:]","protected":false},"excerpt":{"rendered":"<p>[:en] Piecza: Serial Dokumentalny &#8211; pocz\u0105tkowo mia\u0142y to by\u0107 cztery odcinki, opowiadaj\u0105ce o systemie pieczy zast\u0119pczej, a w\u0142a\u015bciwie o tym \u017ce go nie ma. W konsekwencji powsta\u0142o ich osiem, a mo\u017cna je wys\u0142ucha\u0107 na stronie radia TOK FM Radio TOK FM: pisze o nim tak. &#8220;Radiowy serial &#8211; Piecza: Serial Dokumentalny opowiada o pe\u0142nym absurd\u00f3w, [&hellip;]<\/p>\n","protected":false},"author":3,"featured_media":0,"comment_status":"closed","ping_status":"closed","sticky":false,"template":"","format":"standard","meta":{"footnotes":""},"categories":[22,16],"tags":[],"class_list":["post-3373","post","type-post","status-publish","format-standard","hentry","category-programy-telewizyjne-i-radiowe","category-propaganda"],"_links":{"self":[{"href":"https:\/\/projektroz.unitunicorn.com\/index.php?rest_route=\/wp\/v2\/posts\/3373","targetHints":{"allow":["GET"]}}],"collection":[{"href":"https:\/\/projektroz.unitunicorn.com\/index.php?rest_route=\/wp\/v2\/posts"}],"about":[{"href":"https:\/\/projektroz.unitunicorn.com\/index.php?rest_route=\/wp\/v2\/types\/post"}],"author":[{"embeddable":true,"href":"https:\/\/projektroz.unitunicorn.com\/index.php?rest_route=\/wp\/v2\/users\/3"}],"replies":[{"embeddable":true,"href":"https:\/\/projektroz.unitunicorn.com\/index.php?rest_route=%2Fwp%2Fv2%2Fcomments&post=3373"}],"version-history":[{"count":0,"href":"https:\/\/projektroz.unitunicorn.com\/index.php?rest_route=\/wp\/v2\/posts\/3373\/revisions"}],"wp:attachment":[{"href":"https:\/\/projektroz.unitunicorn.com\/index.php?rest_route=%2Fwp%2Fv2%2Fmedia&parent=3373"}],"wp:term":[{"taxonomy":"category","embeddable":true,"href":"https:\/\/projektroz.unitunicorn.com\/index.php?rest_route=%2Fwp%2Fv2%2Fcategories&post=3373"},{"taxonomy":"post_tag","embeddable":true,"href":"https:\/\/projektroz.unitunicorn.com\/index.php?rest_route=%2Fwp%2Fv2%2Ftags&post=3373"}],"curies":[{"name":"wp","href":"https:\/\/api.w.org\/{rel}","templated":true}]}}