{"id":3381,"date":"2021-07-29T13:30:15","date_gmt":"2021-07-29T11:30:15","guid":{"rendered":"https:\/\/projektroz.pl\/?p=3381"},"modified":"2021-07-29T13:30:15","modified_gmt":"2021-07-29T11:30:15","slug":"zmiany-w-fundacji","status":"publish","type":"post","link":"https:\/\/projektroz.unitunicorn.com\/?p=3381","title":{"rendered":"[:pl]Zmiany w Fundacji[:]"},"content":{"rendered":"[:pl]\n<p>Po kilku latach dzia\u0142ania wprowadzili\u015bmy konkretne zmiany w Fundacji o kt\u00f3rych chcemy Was poinformowa\u0107. <\/p>\n\n\n\n<p>Oficjalnie podj\u0119li\u015bmy decyzj\u0119 o przeniesieniu siedziby Fundacji PROJEKT ROZ do nowego miejsca. Wprawdzie jeszcze nie fizycznie, a tylko w dokumentach, ale teraz b\u0119dziemy si\u0119 przyzwyczaja\u0107 do takiego adresu &#8211; <strong>Wielkie Drogi 13<\/strong>. <\/p>\n\n\n\n<p>Du\u017ce zmiany w Zarz\u0105dzie Fundacji &#8211; od pierwszych dni dzia\u0142ania, a nawet wcze\u015bniej, by\u0142a z nami Monika Wy\u017cga. Dzisiaj przekaza\u0142a funkcj\u0119 wiceprezeski Fundacji Annie Kopacz. Dla Moniki niskie uk\u0142ony i podzi\u0119kowania, \u017ce nie zw\u0105tpi\u0142a w trudnych chwilach, by\u0142a zawsze pomocna i zadawa\u0142a pytania kt\u00f3re sprowadza\u0142y na ziemi\u0119 jednocze\u015bnie zmusza\u0142y do logicznego my\u015blenia.  <br>Now\u0105 cz\u0142onkini\u0105 Zarz\u0105du zosta\u0142a Jaga Matusiak. Wcze\u015bniej to miejsce zajmowa\u0142 Przemys\u0142aw Ciesielski kt\u00f3remu dzi\u0119kujemy za kilka lat wsp\u00f3\u0142pracy. <\/p>\n\n\n\n<p>Zwi\u0119kszyli\u015bmy ilo\u015b\u0107 cz\u0142onk\u00f3w Rady Fundacji, a jej now\u0105 przewodnicz\u0105c\u0105 zosta\u0142a Monika G\u0142adyszek kt\u00f3ra zast\u0105pi\u0142a Alin\u0119 Prusinowsk\u0105-Marek. <\/p>\n\n\n\n<p>Kim s\u0105 poszczeg\u00f3lne osoby mo\u017cna zobaczy\u0107 w zak\u0142adce <a href=\"https:\/\/projektroz.pl\/poznajmy-sie\" target=\"_blank\" rel=\"noreferrer noopener\">&#8220;poznajmy si\u0119&#8221;<\/a>.<\/p>\n[:]","protected":false},"excerpt":{"rendered":"<p>[:pl] Po kilku latach dzia\u0142ania wprowadzili\u015bmy konkretne zmiany w Fundacji o kt\u00f3rych chcemy Was poinformowa\u0107. Oficjalnie podj\u0119li\u015bmy decyzj\u0119 o przeniesieniu siedziby Fundacji PROJEKT ROZ do nowego miejsca. Wprawdzie jeszcze nie fizycznie, a tylko w dokumentach, ale teraz b\u0119dziemy si\u0119 przyzwyczaja\u0107 do takiego adresu &#8211; Wielkie Drogi 13. Du\u017ce zmiany w Zarz\u0105dzie Fundacji &#8211; od pierwszych [&hellip;]<\/p>\n","protected":false},"author":3,"featured_media":0,"comment_status":"closed","ping_status":"closed","sticky":false,"template":"","format":"standard","meta":{"footnotes":""},"categories":[13,16,10,25],"tags":[],"class_list":["post-3381","post","type-post","status-publish","format-standard","hentry","category-timeline","category-propaganda","category-sidebar","category-wydarzenia"],"_links":{"self":[{"href":"https:\/\/projektroz.unitunicorn.com\/index.php?rest_route=\/wp\/v2\/posts\/3381","targetHints":{"allow":["GET"]}}],"collection":[{"href":"https:\/\/projektroz.unitunicorn.com\/index.php?rest_route=\/wp\/v2\/posts"}],"about":[{"href":"https:\/\/projektroz.unitunicorn.com\/index.php?rest_route=\/wp\/v2\/types\/post"}],"author":[{"embeddable":true,"href":"https:\/\/projektroz.unitunicorn.com\/index.php?rest_route=\/wp\/v2\/users\/3"}],"replies":[{"embeddable":true,"href":"https:\/\/projektroz.unitunicorn.com\/index.php?rest_route=%2Fwp%2Fv2%2Fcomments&post=3381"}],"version-history":[{"count":0,"href":"https:\/\/projektroz.unitunicorn.com\/index.php?rest_route=\/wp\/v2\/posts\/3381\/revisions"}],"wp:attachment":[{"href":"https:\/\/projektroz.unitunicorn.com\/index.php?rest_route=%2Fwp%2Fv2%2Fmedia&parent=3381"}],"wp:term":[{"taxonomy":"category","embeddable":true,"href":"https:\/\/projektroz.unitunicorn.com\/index.php?rest_route=%2Fwp%2Fv2%2Fcategories&post=3381"},{"taxonomy":"post_tag","embeddable":true,"href":"https:\/\/projektroz.unitunicorn.com\/index.php?rest_route=%2Fwp%2Fv2%2Ftags&post=3381"}],"curies":[{"name":"wp","href":"https:\/\/api.w.org\/{rel}","templated":true}]}}