{"id":887,"date":"2020-06-17T14:53:44","date_gmt":"2020-06-17T12:53:44","guid":{"rendered":"http:\/\/www.wp-projekt-roz.generalcube.com\/?p=887"},"modified":"2020-06-17T14:53:44","modified_gmt":"2020-06-17T12:53:44","slug":"maly-ksiaze","status":"publish","type":"post","link":"https:\/\/projektroz.unitunicorn.com\/?p=887","title":{"rendered":"[:en]&#8221;Le Petit Prince&#8221;[:pl]Ma\u0142y Ksi\u0105\u017c\u0119[:]"},"content":{"rendered":"[:en]\n<p>Implementation of the public task in the field of family support and foster care system consisting in running from 01.01.2018 to 30.11.2020 a family type care and educational institution for 8 pupils in the Municipality of Krakow.<\/p>\n\n\n\n<p>Continuation of the task started by the Foundation PROJECT ROZ in 2013. Since 2005 the &#8220;Le Petit Prince&#8221; as a Family Orphanage and then a family type care and educational institution run by El\u017cbieta and Jacek Matusiak.<\/p>\n[:pl]\n<p>W listopadzie 2023 roku zako\u0144czyli\u015bmy jedno zadanie, \u017ceby 1 grudnia 2023 rozpocz\u0105\u0107 kolejne. Potrwa do listopada 2025. Trzymajcie kciuki, \u017ceby wszystko sz\u0142o sprawnie.  &#8220;Prowadzenie plac\u00f3wki opieku\u0144czo-wychowawczej typu rodzinnego zapewniaj\u0105cej 8 miejsc w lokalu Gminy Miejskiej Krak\u00f3w&#8221; <strong>W\/DOT\/145\/MOPS\/145\/2023<\/strong><br>&#8212;&#8212;&#8212;&#8212;&#8212;&#8212;&#8212;&#8212;&#8212;&#8212;&#8212;&#8212;&#8212;&#8212;<\/p>\n\n\n\n<p>I kolejna zmiana od 01.12.2020 Ma\u0142y Ksi\u0105\u017c\u0119 jest prowadzony na podstawie umowy<br>&#8220;Prowadzenie plac\u00f3wki opieku\u0144czo-wychowawczej typu rodzinnego zapewniaj\u0105cej 8 miejsc w lokalu Gminy Miejskiej Krak\u00f3w. <strong>W\/DOT\/145\/MOPS\/145\/2023<\/strong>&#8220;<br>\u017byczcie nam zdrowia i spokoju i wytrwa\u0142o\u015bci<\/p>\n\n\n\n<p>Co\u015b si\u0119 ko\u0144czy, a co\u015b zaczyna. <br>30.11.2020 zako\u0144czyli\u015bmy zadanie, \u017ceby rozpocz\u0105\u0107 je kolejnego dnia. <br>Realizujemy zadanie publiczne z zakresu wspierania rodziny i systemu pieczy zast\u0119pczej polegaj\u0105ce na prowadzeniu od 1.12.2020 do 30.11.2023 r plac\u00f3wki opieku\u0144czo-wychowawczej typu rodzinnego dla 8 wychowank\u00f3w w lokalu Gminy Miejskiej Krak\u00f3w. <br>Szukajcie nas na Tynieckiej 140A w Krakowie. <\/p>\n\n\n\n<p><\/p>\n\n\n\n<div class=\"wp-block-columns is-layout-flex wp-container-core-columns-is-layout-28f84493 wp-block-columns-is-layout-flex\">\n<div class=\"wp-block-column is-layout-flow wp-block-column-is-layout-flow\">\n<p><strong>Miejska Platforma Internetowa <a href=\"https:\/\/www.krakow.pl\/\" target=\"_blank\" rel=\"noreferrer noopener\">&#8220;Magiczny Krak\u00f3w&#8221;<\/a> &#8211; Urz\u0105d Miasta Krakowa <\/strong><\/p>\n\n\n\n<figure class=\"wp-block-image aligncenter size-full\"><img decoding=\"async\" src=\"https:\/\/projektroz.pl\/wp-content\/uploads\/2021\/10\/Logo-Krakow_apla_H_rgb-300x92-1.jpg\" alt=\"Logo Krak\u00f3w\" class=\"wp-image-8961\"\/><figcaption class=\"wp-element-caption\"><strong><a href=\"http:\/\/krakow.pl\/\" target=\"_blank\" rel=\"noreferrer noopener\">www.krakow.pl&nbsp;<\/a><\/strong><\/figcaption><\/figure>\n<\/div>\n\n\n\n<div class=\"wp-block-column is-layout-flow wp-block-column-is-layout-flow\">\n<p><strong><a href=\"https:\/\/ngo.krakow.pl\/\" target=\"_blank\" rel=\"noreferrer noopener\">NGO<\/a> Organizacje Pozarz\u0105dowe &#8211; Urz\u0105d Miasta Krakowa<\/strong><\/p>\n\n\n\n<figure class=\"wp-block-image aligncenter size-full\"><img decoding=\"async\" src=\"https:\/\/projektroz.pl\/wp-content\/uploads\/2021\/10\/Logo-Krakow_apla_C_rgb-200x200-2-e1634918039574.jpg\" alt=\"Logo Krakow\" class=\"wp-image-8966\"\/><figcaption class=\"wp-element-caption\"><a href=\"http:\/\/ngo.krakow.pl\/\" target=\"_blank\" rel=\"noreferrer noopener\"><strong>www.ngo.krakow.pl<\/strong><\/a><\/figcaption><\/figure>\n<\/div>\n<\/div>\n\n\n\n<p><\/p>\n\n\n\n<p>Projekt \u201eMa\u0142y Ksi\u0105\u017c\u0119\u201d jest realizowany ze \u015brodk\u00f3w Gminy Miejskiej Krak\u00f3w \u2013 zadanie publiczne pod tytu\u0142em \u201eProwadzenie w okresie od 01.12.2020 r do 30.11.2023 r w lokalu Gminy Miejskiej Krak\u00f3w plac\u00f3wki opieku\u0144czo \u2013 wychowawczej typu rodzinnego dla 8 wychowank\u00f3w\u201d.  Umowa W\/I\/3596\/SZ\/773\/2020<\/p>\n\n\n\n<p>&#8212;&#8212;&#8212;&#8212;&#8212;&#8212;&#8212;&#8212;&#8212;&#8212;-<\/p>\n\n\n\n<p>Realizacja zadania publicznego z zakresu wspierania rodziny i systemu pieczy zast\u0119pczej polegaj\u0105cego na prowadzeniu od 01.01.2018 r. do 30.11.2020 r. plac\u00f3wki opieku\u0144czo \u2013 wychowawczej typu rodzinnego dla 8 wychowank\u00f3w w lokalu Gminy Miejskiej Krak\u00f3w.<\/p>\n\n\n\n<p>&#8212;&#8212;&#8212;&#8212;&#8212;&#8212;&#8212;&#8212;&#8212;&#8212;&#8212;<\/p>\n\n\n\n<p>Kontynuacja zadania rozpocz\u0119tego przez Fundacj\u0119 PROJEKT ROZ w 2013 roku. Od 2005 roku \u201eMa\u0142y Ksi\u0105\u017c\u0119\u201d jako Rodzinny Dom Dziecka, a nast\u0119pnie Plac\u00f3wka opieku\u0144czo \u2013 wychowawcza typu rodzinnego prowadzona przez El\u017cbiet\u0119 i Jacka Matusiak\u00f3w.<\/p>\n[:]","protected":false},"excerpt":{"rendered":"<p>[:en] Implementation of the public task in the field of family support and foster care system consisting in running from 01.01.2018 to 30.11.2020 a family type care and educational institution for 8 pupils in the Municipality of Krakow. Continuation of the task started by the Foundation PROJECT ROZ in 2013. Since 2005 the &#8220;Le Petit [&hellip;]<\/p>\n","protected":false},"author":3,"featured_media":0,"comment_status":"open","ping_status":"open","sticky":false,"template":"","format":"standard","meta":{"footnotes":""},"categories":[12,13,14,10,4],"tags":[],"class_list":["post-887","post","type-post","status-publish","format-standard","hentry","category-granty","category-timeline","category-programy-i-projekty","category-sidebar","category-strona-glowna"],"_links":{"self":[{"href":"https:\/\/projektroz.unitunicorn.com\/index.php?rest_route=\/wp\/v2\/posts\/887","targetHints":{"allow":["GET"]}}],"collection":[{"href":"https:\/\/projektroz.unitunicorn.com\/index.php?rest_route=\/wp\/v2\/posts"}],"about":[{"href":"https:\/\/projektroz.unitunicorn.com\/index.php?rest_route=\/wp\/v2\/types\/post"}],"author":[{"embeddable":true,"href":"https:\/\/projektroz.unitunicorn.com\/index.php?rest_route=\/wp\/v2\/users\/3"}],"replies":[{"embeddable":true,"href":"https:\/\/projektroz.unitunicorn.com\/index.php?rest_route=%2Fwp%2Fv2%2Fcomments&post=887"}],"version-history":[{"count":0,"href":"https:\/\/projektroz.unitunicorn.com\/index.php?rest_route=\/wp\/v2\/posts\/887\/revisions"}],"wp:attachment":[{"href":"https:\/\/projektroz.unitunicorn.com\/index.php?rest_route=%2Fwp%2Fv2%2Fmedia&parent=887"}],"wp:term":[{"taxonomy":"category","embeddable":true,"href":"https:\/\/projektroz.unitunicorn.com\/index.php?rest_route=%2Fwp%2Fv2%2Fcategories&post=887"},{"taxonomy":"post_tag","embeddable":true,"href":"https:\/\/projektroz.unitunicorn.com\/index.php?rest_route=%2Fwp%2Fv2%2Ftags&post=887"}],"curies":[{"name":"wp","href":"https:\/\/api.w.org\/{rel}","templated":true}]}}