{"id":898,"date":"2020-06-17T15:01:30","date_gmt":"2020-06-17T13:01:30","guid":{"rendered":"http:\/\/www.wp-projekt-roz.generalcube.com\/?p=898"},"modified":"2020-06-17T15:01:30","modified_gmt":"2020-06-17T13:01:30","slug":"refleksje-etyczne-o-pieczy-zastepczej","status":"publish","type":"post","link":"https:\/\/projektroz.unitunicorn.com\/?p=898","title":{"rendered":"[:pl]Refleksje etyczne o pieczy zast\u0119pczej[:]"},"content":{"rendered":"[:pl]\n<p>Chyba ka\u017cdy opiekun zast\u0119pczy zauwa\u017ca, \u017ce je\u015bli pojawiaj\u0105 si\u0119 informacje dotycz\u0105ce naszych dzia\u0142a\u0144 w mediach to nie s\u0105 one pochlebne. Wszyscy denerwujemy si\u0119, \u017ce obraz opiekuna zast\u0119pczego to obraz dorobkiewicza kt\u00f3ry na krzywdzie dzieci i ich rodzin biologicznych buduje dobrobyt swojej rodziny.<br>A tak przecie\u017c nie jest.<br>Ale o tym wiedz\u0105 tylko wtajemniczeni, czyli opiekunowie zast\u0119pczy, w\u0105skie grono przyjaci\u00f3\u0142 i os\u00f3b wspieraj\u0105cych.<br>Wydaje si\u0119, \u017ce rozwi\u0105zanie jest proste.<br>Nale\u017cy m\u00f3wi\u0107 o tym co robimy, m\u00f3wi\u0107 wsp\u00f3lnym g\u0142osem, informowa\u0107 na czym polega nasza praca, jakie wymagania s\u0105 przed nami stawiane, jak wiele dziedzin musz\u0105 obejmowa\u0107 nasze umiej\u0119tno\u015bci i wiedza.<br>Ale \u017ceby m\u00f3wi\u0107 trzeba mie\u0107 wsp\u00f3lnie uporz\u0105dkowan\u0105 wiedz\u0119, przekonania i \u015bwiadomo\u015b\u0107.<br>Dodatkow\u0105 trudno\u015bci\u0105 jest to, \u017ce musimy m\u00f3wi\u0107 \u201er\u00f3\u017cnymi j\u0119zykami \u015bwiata\u201d.<br>O tym samym, a jednak inaczej.<br>Co to znaczy \u2013 \u201er\u00f3\u017cnymi j\u0119zykami \u015bwiata\u201d?<br>Innych wyraz\u00f3w, argument\u00f3w, opowie\u015bci u\u017cywamy m\u00f3wi\u0105c o tym co robimy i co jest naszym celem do rodzic\u00f3w biologicznych powierzonych nam dzieci, innych do s\u0105siad\u00f3w, znajomych, nauczycieli, pracownik\u00f3w s\u0142u\u017cb kt\u00f3rych zadaniem jest praca i wsp\u00f3\u0142praca z nami, jeszcze innych do polityk\u00f3w i radnych. Jeszcze inaczej \u2013 czasem nawet nie u\u017cywaj\u0105c s\u0142\u00f3w b\u0119dziemy m\u00f3wi\u0107 o naszych zadaniach, celach i potrzebach do powierzonych nam dzieci.<br>A wszystko po to, by cho\u0107by cz\u0119\u015bciowo zrozumieli dlaczego podj\u0119li\u015bmy si\u0119 naszego zadania, dlaczego jest to wa\u017cne dla dziecka tu i teraz, ale r\u00f3wnie\u017c dla tego samego dziecka kiedy b\u0119dzie doros\u0142e, dla jego obecnej i przysz\u0142ej rodziny.<\/p>\n\n\n\n<p>Mo\u017ce nie wszyscy zdaj\u0105 sobie z tego spraw\u0119, ale jako opiekunowie zast\u0119pczy realizujemy zadanie kt\u00f3re jest zadaniem Pa\u0144stwa wynikaj\u0105cym z ust.2 art.72 Konstytucji RP.<br>\u201eDziecko pozbawione opieki rodzicielskiej ma prawo do opieki i pomocy w\u0142adz publicznych.\u201d<\/p>\n\n\n\n<p>Wracaj\u0105c do pocz\u0105tku.<br>Poszukuj\u0105c zupe\u0142nie innych materia\u0142\u00f3w trafi\u0142am w sieci na Kodeks Etyczny Rodzin Zast\u0119pczych t\u0142umaczony i opracowany w wersji polskiej przez dr Waleri\u0119 Stelmaszuk.<br><strong>Kodeks Etyczny Rodzin Zast\u0119pczych zosta\u0142 przygotowany przez West \u2013 Est Dialogue, mi\u0119dzynarodowe gremium specjalist\u00f3w z kraj\u00f3w Europy \u015arodkowo \u2013 Wschodniej, Austrii i Niemiec, pod przewodnictwem dr Elizabeth Lutter, prezesa Austriackiego Stowarzyszenia rodzin zast\u0119pczych i dyrektora O\u015brodka Rodzin Zast\u0119pczych w Wiedniu.<\/strong><\/p>\n\n\n\n<p>Kilka fragment\u00f3w tego Kodeksu zwr\u00f3ci\u0142o moj\u0105 szczeg\u00f3ln\u0105 uwag\u0119, podzieli\u0142am si\u0119 tymi spostrze\u017ceniami z pozosta\u0142ymi cz\u0142onkami Zarz\u0105du i Rady Fundacji PROJEKT ROZ i wsp\u00f3lnie doszli\u015bmy do wniosku, \u017ce nale\u017cy dotrze\u0107 do \u017ar\u00f3d\u0142a, a nast\u0119pnie dostosowa\u0107 zapisy tego kodeksu do obowi\u0105zuj\u0105cej Ustawy o wspieraniu rodziny i systemie pieczy zast\u0119pczej\u2026 oraz reali\u00f3w w jakich dzia\u0142aj\u0105 w Polsce opiekunowie zast\u0119pczy.<\/p>\n\n\n\n<p><em>\u201eProfesjonalna rodzina zast\u0119pcza jest r\u00f3wnoprawnym partnerem s\u0142u\u017cb spo\u0142ecznych i innych profesjonalist\u00f3w i jest zobowi\u0105zana do wsp\u00f3\u0142pracy, nawet w krytycznych sytuacjach, w celu wypracowania rozwi\u0105za\u0144 zgodnych z dobrem dziecka.\u201d<\/em><br><em>\u201eSzczeg\u00f3lna odpowiedzialno\u015b\u0107 i z\u0142o\u017cone obowi\u0105zki, jakich podejmuj\u0105 si\u0119 osoby sprawuj\u0105ce funkcj\u0119 rodziny zast\u0119pczej, zas\u0142uguje na najwy\u017csz\u0105 ocen\u0119 moraln\u0105 i uznanie spo\u0142eczne.\u201d<\/em><br><em>\u201eWszyscy cz\u0142onkowie rodziny zast\u0119pczej wnosz\u0105 istotny wk\u0142ad w realizacj\u0119 programu opieki, a ich udzia\u0142 jest spo\u0142ecznie wa\u017cny.\u201d<\/em><br><em>\u201eRodzina zast\u0119pcza wypowiada si\u0119 w kwestii wieku, p\u0142ci i liczby dzieci, jakie mo\u017ce bez trudno\u015bci przyj\u0105\u0107, jak r\u00f3wnie\u017c podaje okres, w kt\u00f3rym mo\u017ce sprawowa\u0107 swoj\u0105 funkcj\u0119 i oczekuje od zleceniodawcy respektowania jej stanowiska.\u201d<\/em><br><em>\u201eW rodzinie zast\u0119pczej wzajemne stosunki miedzy rodzicami, ich w\u0142asnymi dzie\u0107mi i dzieckiem przyj\u0119tym pod opiek\u0119 oparte s\u0105 na akceptacji, zrozumieniu i tolerancji.\u201d<\/em><\/p>\n\n\n\n<p><em>&nbsp;<\/em>Wed\u0142ug nas b\u0119dzie to dokument kt\u00f3ry przem\u00f3wi w imieniu opiekun\u00f3w zast\u0119pczych.<br>Wska\u017ce, \u017ce cel i pobudki naszych dzia\u0142a\u0144 s\u0105 zgo\u0142a inne ni\u017c powszechnie ostatnio przedstawiane w mediach. \u017be opiekun zast\u0119pczy to nie tylko kucharz, intendent i korepetytor. To osoba, kt\u00f3rej praca na rzecz dzieci powierzonych i ich rodzin wyczerpuje znamiona zawodu zaufania publicznego.<br>Sami od wewn\u0105trz dbamy \/staramy si\u0119\/ o nasze dobre imi\u0119, oczekujemy od innych wsp\u00f3\u0142pracuj\u0105cych partnerskiego traktowania. Sami sobie wyznaczamy standardy etyczne naszej pracy, ale r\u00f3wnie\u017c informowania o naszej pracy innych.<br>Niezdecydowanych \u2013 zapraszamy do wsp\u00f3\u0142pracy.<br>Wszystkim, kt\u00f3rzy ju\u017c zdecydowali si\u0119 na spotkania z nami, \u017cyczymy, \u017ceby ten nasz wsp\u00f3lnie sp\u0119dzony czas zaowocowa\u0142 ciekawymi i rozs\u0105dnymi rozwi\u0105zaniami.<\/p>\n\n\n\n<p>El\u017cbieta Matusiak<br>Prezes Fundacji PROJEKT ROZ<\/p>\n\n\n\n<hr class=\"wp-block-separator\"\/>\n\n\n\n<p><strong>Spotkania odbywaj\u0105 si\u0119 w Instytucie Pracy Socjalnej Uniwersytetu Pedagogicznego im. KEN w Krakowie. O\u015b. Stalowe 17; 31-922 Krak\u00f3w.<\/strong> Dlaczego chc\u0119 zrealizowa\u0107 ten projekt i dlaczego mo\u017ce by\u0107 wa\u017cny? Ba&nbsp;Jestem przekonana \u017ce b\u0119dzie wa\u017cny dla opiekun\u00f3w zast\u0119pczych, nie tylko tych z ma\u0142opolskiego. Je\u015bli sami opracujemy \u201ekodeks etyczny\u201d opieki czy te\u017c pieczy zast\u0119pczej b\u0119dzie on zawiera\u0142 takie tre\u015bci i informacje, kt\u00f3re tylko my jako opiekunowie potrafimy wypowiedzie\u0107. Bo wiemy i czujemy o co w \u017cyciu z dzieckiem sierocym chodzi. <br>B\u0119dzie on zawiera\u0142 tre\u015bci skierowane do opiekun\u00f3w, do helper\u00f3w \u2013 pomagaczy, do rodzin naszych dzieci. <br>B\u0119dzie zawiera\u0142 tre\u015bci o opiekunach, o helperach, o dzieciach i zapewne o ich rodzinach. <br>B\u0119dzie go mo\u017cna wykorzysta\u0107 tak w szkoleniach nowych opiekun\u00f3w jak i w czasie szkole\u0144 podnosz\u0105cych kompetencje tych ju\u017c dzia\u0142aj\u0105cych. <br>B\u0119dzie go mo\u017cna wykorzysta\u0107 w pracy ze studentami, w szkoleniu wszelkich kadr, kt\u00f3re bezpo\u015brednio b\u0105d\u017a po\u015brednio stykaj\u0105 si\u0119 z nami opiekunami zast\u0119pczymi, bo b\u0119dzie baza do wykorzystania w szkoleniu s\u0119dzi\u00f3w, kurator\u00f3w, lekarzy, prawnik\u00f3w, pracownik\u00f3w socjalnych, pedagog\u00f3w, itd. <br>B\u0119dzie podstawa, na bazie kt\u00f3rej b\u0119dzie mo\u017cna odpowiada\u0107 na wiele pyta\u0144 zadawanych przez szeroko rozumiane spo\u0142ecze\u0144stwo, a dotycz\u0105cej Nas \u2013 grupy opiekun\u00f3w zast\u0119pczych. Wiec przesta\u0144my w tym roku marudzi\u0107, \u017ce si\u0119 nie da, \u017ce nie mo\u017cna, \u017ce obowi\u0105zki, \u017ce brak czasu. Zr\u00f3bmy co\u015b dla siebie i dla innych, kt\u00f3rzy b\u0119d\u0105 z nami lub po nas. W pewnym sensie oczekuj\u0119 niewiele \u2013 udzia\u0142u w dyskusji, a mo\u017ce nawet milcz\u0105cego uczestnictwa. Reszt\u0119 zrobi\u0105 za nas naukowcy, wys\u0142uchaj\u0105 , przeanalizuj\u0105, zapisz\u0105. P\u00f3\u017aniej My przeczytamy, wypowiemy si\u0119, mo\u017ce co\u015b poprawimy i zaakceptujemy. Wsp\u00f3lnie stworzymy wa\u017cny, przydatny dokument. Dodatkowym luzem dla nas i dobrym rozwi\u0105zaniem jest to, \u017ce wys\u0142uchaj\u0105 nas i zapisz\u0105 to osoby bezstronne. Rozwa\u017ca, zbadaj\u0105, wyci\u0105gn\u0105 wnioski, a w ko\u0144cowym opracowaniu, \u017caden PCPR,MOPS i Organizator nie b\u0119dzie wiedzia\u0142 kto, co powiedzia\u0142, kto na kogo narzeka\u0142 itd. W czasie tych spotka\u0144 zostan\u0105 r\u00f3wnie\u017c \u201ewy\u0142apane\u201d nasze potrzeby, kt\u00f3re powiedz\u0105 jak i w jakim zakresie nam pomaga\u0107, \u017ceby nie uszcz\u0119\u015bliwia\u0107 nas na si\u0142\u0119. W kolejnym etapie zostanie to por\u00f3wnane z ofert\u0105 wsparcia kierowan\u0105 do opiekun\u00f3w zast\u0119pczych. Etap ko\u0144cowy poka\u017ce nam gdzie si\u0119 mijamy w tym czego potrzebujemy, a co jest nam proponowane. Nie chcia\u0142abym Was zagada\u0107, zapisa\u0107, bo to b\u0119dzie nudne. Przyjd\u017acie, przeprowad\u017acie ze sob\u0105 innych, do kt\u00f3rych nie mam adresu, r\u00f3wnie\u017c tych kt\u00f3rzy ju\u017c nie pe\u0142ni\u0105 roli opiekuna zast\u0119pczego. Przesta\u0144my narzeka\u0107, zr\u00f3bmy co\u015b dla siebie. Jak zebra\u0107 si\u0142y na spotkanie? To do\u015b\u0107 proste, wystarczy przeczyta\u0107 opracowany przed wielu laty Kodeks Etyczny. <\/p>\n[:]","protected":false},"excerpt":{"rendered":"<p>[:pl] Chyba ka\u017cdy opiekun zast\u0119pczy zauwa\u017ca, \u017ce je\u015bli pojawiaj\u0105 si\u0119 informacje dotycz\u0105ce naszych dzia\u0142a\u0144 w mediach to nie s\u0105 one pochlebne. Wszyscy denerwujemy si\u0119, \u017ce obraz opiekuna zast\u0119pczego to obraz dorobkiewicza kt\u00f3ry na krzywdzie dzieci i ich rodzin biologicznych buduje dobrobyt swojej rodziny.A tak przecie\u017c nie jest.Ale o tym wiedz\u0105 tylko wtajemniczeni, czyli opiekunowie zast\u0119pczy, [&hellip;]<\/p>\n","protected":false},"author":2,"featured_media":0,"comment_status":"open","ping_status":"open","sticky":false,"template":"","format":"standard","meta":{"footnotes":""},"categories":[14,10,4],"tags":[],"class_list":["post-898","post","type-post","status-publish","format-standard","hentry","category-programy-i-projekty","category-sidebar","category-strona-glowna"],"_links":{"self":[{"href":"https:\/\/projektroz.unitunicorn.com\/index.php?rest_route=\/wp\/v2\/posts\/898","targetHints":{"allow":["GET"]}}],"collection":[{"href":"https:\/\/projektroz.unitunicorn.com\/index.php?rest_route=\/wp\/v2\/posts"}],"about":[{"href":"https:\/\/projektroz.unitunicorn.com\/index.php?rest_route=\/wp\/v2\/types\/post"}],"author":[{"embeddable":true,"href":"https:\/\/projektroz.unitunicorn.com\/index.php?rest_route=\/wp\/v2\/users\/2"}],"replies":[{"embeddable":true,"href":"https:\/\/projektroz.unitunicorn.com\/index.php?rest_route=%2Fwp%2Fv2%2Fcomments&post=898"}],"version-history":[{"count":0,"href":"https:\/\/projektroz.unitunicorn.com\/index.php?rest_route=\/wp\/v2\/posts\/898\/revisions"}],"wp:attachment":[{"href":"https:\/\/projektroz.unitunicorn.com\/index.php?rest_route=%2Fwp%2Fv2%2Fmedia&parent=898"}],"wp:term":[{"taxonomy":"category","embeddable":true,"href":"https:\/\/projektroz.unitunicorn.com\/index.php?rest_route=%2Fwp%2Fv2%2Fcategories&post=898"},{"taxonomy":"post_tag","embeddable":true,"href":"https:\/\/projektroz.unitunicorn.com\/index.php?rest_route=%2Fwp%2Fv2%2Ftags&post=898"}],"curies":[{"name":"wp","href":"https:\/\/api.w.org\/{rel}","templated":true}]}}