{"id":9068,"date":"2022-01-03T12:40:00","date_gmt":"2022-01-03T11:40:00","guid":{"rendered":"https:\/\/projektroz.pl\/?p=9068"},"modified":"2022-01-03T12:40:00","modified_gmt":"2022-01-03T11:40:00","slug":"dziewczynka-zza-zaslony-uzdrawianie-wewnetrznego-dziecka","status":"publish","type":"post","link":"https:\/\/projektroz.unitunicorn.com\/?p=9068","title":{"rendered":"[:pl]Dziewczynka zza zas\u0142ony. Uzdrawianie wewn\u0119trznego dziecka[:]"},"content":{"rendered":"[:en]\n<figure class=\"wp-block-image size-medium\"><img decoding=\"async\" src=\"https:\/\/projektroz.pl\/wp-content\/uploads\/2021\/12\/Dziewczynka-zza-zaslony-196x300.jpg\" alt=\"Okladka ksiazki - Dziewczynka zza zas\u0142ony. Uzdrawianie wewn\u0119trznego dziecka\" class=\"wp-image-9069\" title=\"Okladka ksiazki - Dziewczynka zza zas\u0142ony. Uzdrawianie wewn\u0119trznego dziecka\"\/><\/figure>\n\n\n\n<p>The book the Girl behind the Curtain, was written by Stella Veritas-Amare in Warsaw w 2020 and published by <a href=\"https:\/\/www.eneteia.pl\/9857\/dziewczynka-zza-zaslony-uzdrawianie-wewnetrznego-dziecka-stella-veritas-amare\/\" target=\"_blank\" rel=\"noreferrer noopener\">Wydawnictwo eneteia<\/a>. <\/p>\n\n\n\n<p>&#8220;The Girl Behind the Curtain&#8221; is the first volume in the &#8220;Girl&#8221; series. It covers the author&#8217;s memoirs from conception to the age of seven. It is a record of the stream of consciousness that the author created for the purpose of self-therapy. Stella not only revisits the events from the most important period of her life, but also tries to reincarnate herself. To become anew the child she once was and to feel herself and the world around her anew.<\/p>\n\n\n\n<p>&#8220;A tiny falling star that no one saw in time. Unseen, unwanted, unnoticed. Why did it appear? Is it capable of shining?&#8221; (p. 16)<\/p>\n\n\n\n<p>Even before Stella was born, her parents divorced, her mother and her older son leaving her abusive alcoholic husband. Could these events have seeped into the safety of fetal life and made a lasting mark on Stella?<\/p>\n\n\n\n<p>When Stella was two years old her mother again had to make a difficult decision. The girl was not accepted to the kindergarten and in order not to lose her job, the woman gave the girl to her mother. Stella spent nine months with her grandmother. A caring and loving grandmother, but only a grandmother, not a mother.<\/p>\n\n\n\n<p>It is very easy to objectify a child. To reduce to a small not fully developed being, not understanding or having deeper feelings. It is easy to rationalize this. After all, the child is emotionally immature, so why should we explain it to it anyway, it is too difficult for it. Besides, it is all for the child&#8217;s own good.<\/p>\n\n\n\n<p>A child sees, hears and, above all, feels everything. Even if it does not understand. All experiences are conscientiously deposited, for scientists in the subconscious, for poets at the bottom of the soul. And they wait. Sooner or later they will make themselves known. As nightmares. As an excessive need for control. As aggression. As low self-esteem. And so on.<\/p>\n\n\n\n<p>In Stella, the trauma of abandonment and rejection has acted as a pebble that triggers an avalanche. With each passing year there are more problems, more fears, more guilt and feelings of inferiority and worthlessness. The girl hides behind a veil, this is her defense mechanism. She slowly loses herself in favor of becoming conforming to the expectations of others. To not feel, to not think, to obey.<\/p>\n\n\n\n<p>This book allows adults to peek behind the curtain, to see what children are hiding from them, what they are ashamed of, what they are afraid of, and what they blame. What they want to hide so that they don&#8217;t come off as weaklings unworthy of love.<\/p>\n\n\n\n<p><\/p>\n\n\n\n<p>The book is only available in it&#8217;s original language Polish.<\/p>\n\n\n\n<p>More recommended books can be found <a href=\"https:\/\/projektroz.pl\/en\/literatura\" target=\"_blank\" rel=\"noreferrer noopener\">here<\/a>.<\/p>\n[:pl]\n<figure class=\"wp-block-image size-medium\"><img decoding=\"async\" src=\"https:\/\/projektroz.pl\/wp-content\/uploads\/2021\/12\/Dziewczynka-zza-zaslony-196x300.jpg\" alt=\"Okladka ksiazki - Dziewczynka zza zas\u0142ony. Uzdrawianie wewn\u0119trznego dziecka\" class=\"wp-image-9069\" title=\"Okladka ksiazki - Dziewczynka zza zas\u0142ony. Uzdrawianie wewn\u0119trznego dziecka\"\/><\/figure>\n\n\n\n<p>Ksi\u0105\u017cka Dziewczynka zza zas\u0142ony to ksi\u0105\u017cka napisana przez Stella Veritas-Amare, wydana w Warszawie w 2020 przez <a href=\"https:\/\/www.eneteia.pl\/9857\/dziewczynka-zza-zaslony-uzdrawianie-wewnetrznego-dziecka-stella-veritas-amare\/\" target=\"_blank\" rel=\"noreferrer noopener\">Wydawnictwo eneteia<\/a>. <\/p>\n\n\n\n<p>Dziewczynka zza zas\u0142ony to pierwszy tom z serii &#8220;Dziewczynka&#8221;. Obejmuje wspomnienia autorki od pocz\u0119cia do wieku siedmiu lat. Jest zapisem strumienia \u015bwiadomo\u015bci, kt\u00f3ry autorka stworzy\u0142a na potrzeby autoterapii. Stella nie tylko powraca pami\u0119ci\u0105 do wydarze\u0144 z najwa\u017cniejszego okresu \u017cycia, ale pr\u00f3buje wcieli\u0107 si\u0119 w siebie na nowo. Na nowo sta\u0107 si\u0119 tym dzieckiem, kt\u00f3rym kiedy\u015b by\u0142a i na nowo poczu\u0107 siebie i otaczaj\u0105cy \u015bwiat.<\/p>\n\n\n\n<p>&#8220;Male\u0144ka spadaj\u0105ca gwiazda, kt\u00f3rej nikt nie ujrza\u0142 w por\u0119. Niewypatrzona, niechciana, niezauwa\u017cana. Dlaczego si\u0119 pojawi\u0142a? Czy jest w stanie \u015bwieci\u0107?&#8221; (str. 16)<\/p>\n\n\n\n<p>Jeszcze przed narodzinami Stelli jej rodzice si\u0119 rozwiedli, matka razem ze starszym synem odesz\u0142a od agresywnego m\u0119\u017ca alkoholika. Czy te wydarzenia mog\u0142y przenikn\u0105\u0107 do bezpiecznego p\u0142odowego \u017cycia i odcisn\u0105\u0107 trwa\u0142e pi\u0119tno na Stelli?<\/p>\n\n\n\n<h4 class=\"wp-block-heading\">A gdy<\/h4>\n\n\n\n<p>Gdy Stella mia\u0142a dwa lata jej matka ponownie musia\u0142a podj\u0105\u0107 trudn\u0105 decyzj\u0119. Dziewczynki nie przyj\u0119to do przedszkola i \u017ceby nie straci\u0107 bo pracy, kobieta odda\u0142a dziewczynk\u0119 pod opiek\u0119 swojej matce. Stella sp\u0119dzi\u0142a u babci dziewi\u0119\u0107 miesi\u0119cy. U troskliwej i kochaj\u0105cej babci, jednak tylko babci, nie mamy.<\/p>\n\n\n\n<p>Bardzo \u0142atwo uprzedmiotowi\u0107 dziecko. Zredukowa\u0107 do ma\u0142ej nie w pe\u0142ni rozwini\u0119tej istoty, nie rozumiej\u0105cej i nie posiadaj\u0105cej g\u0142\u0119bszych uczu\u0107. \u0141atwo to zracjonalizowa\u0107. Przecie\u017c dziecko jest niedojrza\u0142e emocjonalnie, po co t\u0142umaczy\u0107 i tak to dla niego za trudne. A poza tym to wszystko dla jego dobra.<\/p>\n\n\n\n<p>Dziecko wszystko widzi, s\u0142yszy i przede wszystkim czuje. Nawet je\u015bli nie rozumie. Wszystkie do\u015bwiadczenia sumiennie odk\u0142adaj\u0105 si\u0119, dla naukowc\u00f3w w pod\u015bwiadomo\u015bci, dla poet\u00f3w na dnie duszy. I czekaj\u0105. Pr\u0119dzej czy p\u00f3\u017aniej dadz\u0105 o sobie zna\u0107. Jako koszmary &#8211;  nadmierna potrzeba kontroli. Czy jako agresja. Jako niskie poczucie w\u0142asnej warto\u015bci. I tak dalej.<\/p>\n\n\n\n<p>W Stelli trauma porzucenia i odrzucenia zadzia\u0142a\u0142a jak kamyczek, kt\u00f3ry wywo\u0142uje lawin\u0119. Z ka\u017cdym kolejnym rokiem \u017cycia problem\u00f3w jest wi\u0119cej, wi\u0119cej l\u0119k\u00f3w oraz poczucia winy i odczucia bycia kim\u015b gorszym, niewarto\u015bciowym. Dziewczynka chowa si\u0119 za zas\u0142on\u0105, to jej mechanizm obronny. Powoli traci siebie na rzecz stawania si\u0119 zgodn\u0105 z oczekiwaniami innych. Nie czu\u0107, nie my\u015ble\u0107, by\u0107 pos\u0142uszn\u0105.<\/p>\n\n\n\n<p>Ta ksi\u0105\u017cka pozwala doros\u0142ym zerkn\u0105\u0107 za zas\u0142on\u0119, zobaczy\u0107 co dzieci ukrywaj\u0105 przed nimi, czego si\u0119 wstydz\u0105, czego boj\u0105 i o co obwiniaj\u0105. Co chc\u0105 ukry\u0107, \u017ceby nie wyj\u015b\u0107 na s\u0142abeuszy niegodnych mi\u0142o\u015bci.<\/p>\n\n\n\n<p><\/p>\n\n\n\n<p>Wi\u0119cej rekomendowanych ksi\u0105\u017cek znajdziecie <a href=\"https:\/\/projektroz.pl\/\/literatura\">tutaj<\/a>.<\/p>\n[:]","protected":false},"excerpt":{"rendered":"<p>[:en] The book the Girl behind the Curtain, was written by Stella Veritas-Amare in Warsaw w 2020 and published by Wydawnictwo eneteia. &#8220;The Girl Behind the Curtain&#8221; is the first volume in the &#8220;Girl&#8221; series. It covers the author&#8217;s memoirs from conception to the age of seven. It is a record of the stream of [&hellip;]<\/p>\n","protected":false},"author":4,"featured_media":0,"comment_status":"closed","ping_status":"closed","sticky":false,"template":"","format":"standard","meta":{"footnotes":""},"categories":[21,16],"tags":[],"class_list":["post-9068","post","type-post","status-publish","format-standard","hentry","category-literatura","category-propaganda"],"_links":{"self":[{"href":"https:\/\/projektroz.unitunicorn.com\/index.php?rest_route=\/wp\/v2\/posts\/9068","targetHints":{"allow":["GET"]}}],"collection":[{"href":"https:\/\/projektroz.unitunicorn.com\/index.php?rest_route=\/wp\/v2\/posts"}],"about":[{"href":"https:\/\/projektroz.unitunicorn.com\/index.php?rest_route=\/wp\/v2\/types\/post"}],"author":[{"embeddable":true,"href":"https:\/\/projektroz.unitunicorn.com\/index.php?rest_route=\/wp\/v2\/users\/4"}],"replies":[{"embeddable":true,"href":"https:\/\/projektroz.unitunicorn.com\/index.php?rest_route=%2Fwp%2Fv2%2Fcomments&post=9068"}],"version-history":[{"count":0,"href":"https:\/\/projektroz.unitunicorn.com\/index.php?rest_route=\/wp\/v2\/posts\/9068\/revisions"}],"wp:attachment":[{"href":"https:\/\/projektroz.unitunicorn.com\/index.php?rest_route=%2Fwp%2Fv2%2Fmedia&parent=9068"}],"wp:term":[{"taxonomy":"category","embeddable":true,"href":"https:\/\/projektroz.unitunicorn.com\/index.php?rest_route=%2Fwp%2Fv2%2Fcategories&post=9068"},{"taxonomy":"post_tag","embeddable":true,"href":"https:\/\/projektroz.unitunicorn.com\/index.php?rest_route=%2Fwp%2Fv2%2Ftags&post=9068"}],"curies":[{"name":"wp","href":"https:\/\/api.w.org\/{rel}","templated":true}]}}