{"id":9242,"date":"2022-05-27T17:33:48","date_gmt":"2022-05-27T15:33:48","guid":{"rendered":"https:\/\/projektroz.pl\/?p=9242"},"modified":"2022-05-27T17:33:48","modified_gmt":"2022-05-27T15:33:48","slug":"opowiesci-nierodzicow-2","status":"publish","type":"post","link":"https:\/\/projektroz.unitunicorn.com\/?p=9242","title":{"rendered":"[:pl]Opowie\u015bci nierodzic\u00f3w[:]"},"content":{"rendered":"[:pl]\n<p>Bo to zaczyna si\u0119 od telefonu. Jad\u0105! B\u0119d\u0105 o 13:00 albo o 18:00, albo o p\u00f3\u0142nocy, niewa\u017cne. Lecisz do lustra, gapisz si\u0119 w swoj\u0105 twarz, na kt\u00f3rej widzisz wszystkie emocje naraz, bierzesz g\u0142\u0119boki wdech i my\u015blisz sobie: b\u0119dzie dobrze, damy rad\u0119. Pierwszy raz przytyka Ci oddech i czujesz md\u0142o\u015bci, gdy widzisz na progu swojego domu ogromne przera\u017cone oczy, brudnego misia pod pach\u0105 i minimalny baga\u017c: pi\u017camk\u0119 i jedn\u0105 zmian\u0119 ubra\u0144. Damy rad\u0119.<\/p>\n\n\n\n<p>Potem tracisz oddech po raz drugi i trzeci. Pi\u0105ty i dziesi\u0105ty. Tw\u00f3j \u017co\u0142\u0105dek zostaje certyfikowanym akrobat\u0105. Zderzasz si\u0119 z kolejnymi \u015bcianami, kolejnymi barierami. Z Rzeczywisto\u015bci\u0105.<\/p>\n\n\n\n<p>Chcesz to opisa\u0107, pokaza\u0107, da\u0107 \u015bwiadectwo albo chocia\u017c upust w\u0142asnym emocjom. Ale kasujesz te linijki. Czujesz odpowiedzialno\u015b\u0107, nie mo\u017cesz narazi\u0107 dobra ani prywatno\u015bci swoich podopiecznych. Chronisz ich kosztem w\u0142asnej opowie\u015bci, w\u0142asnego g\u0142osu, w\u0142asnej prawdy. Mo\u017ce tu tkwi problem niewidzialno\u015bci rodzic\u00f3w zast\u0119pczych?<\/p>\n\n\n\n<p>Po kolejnym z rz\u0119du bezdechu wracasz do lustra.<\/p>\n\n\n\n<p>Czego si\u0119 t\u0119po gapisz? Nie mog\u0142a\u015b mnie uprzedzi\u0107?&nbsp;<\/p>\n\n\n\n<p>Wyrazicielem emocji pozostaje ju\u017c tylko \u017co\u0142\u0105dek.<\/p>\n\n\n\n<p>Dotar\u0142o ju\u017c do Ciebie, \u017ce dziecko ma matk\u0119. Twoja opieka ko\u0144czy si\u0119 w miejscu, w kt\u00f3rym zaczyna si\u0119 jej. Nawet je\u015bli widzisz w niej takie samo bezbronne i bezradne dziecko. Wiesz, \u017ce matka powiela \u017cycie babki, babka prababki. \u017be to nie ich z\u0142a wola, wszystkie urodzi\u0142y si\u0119 pod z\u0142\u0105 gwiazd\u0105. Historia, kt\u00f3ra przetoczy\u0142a si\u0119 nad t\u0105 rodzin\u0105 powinna by\u0107 pisana przez ch, tak jak przymiotnik j\u0105 okre\u015blaj\u0105cy.<\/p>\n\n\n\n<p>Dziecko b\u0119dzie u Ciebie tylko przez chwil\u0119. Masz jeden moment, mgnienie, \u017ceby odmieni\u0107 los. Co zrobisz, \u017ceby przerwa\u0107 cykl wielu przegranych pokole\u0144?<\/p>\n\n\n\n<p>Lecisz znowu do lustra. Ka\u017cesz tej t\u0119pej twarzy przesta\u0107 b\u0142aznowa\u0107, ma teraz wa\u017cne zadanie. Szukaj dystansu!<\/p>\n\n\n\n<p>Podwijasz r\u0119kawy.<\/p>\n\n\n\n<p>I siejesz. Siejesz poczucie bezpiecze\u0144stwa. Siejesz sprawstwo. Siejesz akceptacj\u0119 dla wszystkich emocji. Siejesz wiar\u0119 w siebie.&nbsp;<\/p>\n\n\n\n<p>Sadzisz te\u017c nowe s\u0142owa. Na przyk\u0142ad takie s\u0142owo jak przysz\u0142o\u015b\u0107. Jest takie s\u0142owo. Warto o nie zawalczy\u0107.<\/p>\n\n\n\n<p>Jest te\u017c takie s\u0142owo jak nadzieja. Dzielisz je na p\u00f3\u0142, jeden kawa\u0142ek zostawiasz dla siebie. Masz nadziej\u0119, \u017ce wszystko, co zasia\u0142a\u015b i zasadzi\u0142a\u015b zakie\u0142kuje, wyro\u015bnie i w swoim czasie przyniesie plon.<\/p>\n\n\n\n<p>Masz nadziej\u0119, \u017ce to male\u0144kie ziarno zmieni bieg rzeki losu.<\/p>\n\n\n\n<p>***<\/p>\n\n\n\n<h3 class=\"wp-block-heading\">Moja przygoda<\/h3>\n\n\n\n<p>Moja przygoda z polecankami ksi\u0105\u017ckowymi dla Fundacji zacz\u0119\u0142a si\u0119 od telefonu. &#8220;Jak ju\u017c siedzisz w domu i czytasz te ksi\u0105\u017cki, to we\u017a czasem napisz kilka s\u0142\u00f3w o jakiej\u015b&#8221; &#8211; us\u0142ysza\u0142am w s\u0142uchawce g\u0142os Eli. Ale o jakiej? I jakich s\u0142\u00f3w? Fundacja PROJEKT ROZ zajmuje si\u0119 wspieraniem opiekun\u00f3w zast\u0119pczych, a co ja wiem o pieczy? Co wiem o uczuciach jakie odczuwaj\u0105 rodzice zast\u0119pczy? Czy znam s\u0142owa, kt\u00f3re ich wespr\u0105?&nbsp;<\/p>\n\n\n\n<p>Ksi\u0105\u017cka &#8220;Opowie\u015bci Nierodzic\u00f3w&#8221; to zbi\u00f3r osobistych historii, dlatego recenzuj\u0105c j\u0105 r\u00f3wnie\u017c pozwoli\u0142am sobie na osobist\u0105 opowie\u015b\u0107. Ta historia pisana przez ch uczyni\u0142a i mnie takim Nierodzicem. Na innych zasadach i z innymi obowi\u0105zkami, ale z podobnymi emocjami. Wreszcie znalaz\u0142am w sobie s\u0142owa i uczucia, kt\u00f3re pomagaj\u0105 mi cho\u0107 troch\u0119 zrozumie\u0107 tytaniczny wysi\u0142ek jakim jest rodzicielstwo zast\u0119pcze.&nbsp;<\/p>\n\n\n\n<p><em>&#8220;No, kto\u015b powinien by\u0142 nazwa\u0107 rzeczy po imieniu. Powiedzie\u0107, \u017ce id\u0119 na wojn\u0119 bez karabinu. \u017be codziennie b\u0119d\u0119 walczy\u0107 na pierwszej linii frontu&#8221;.<\/em> (s. 70, Opowie\u015bci Nierodzic\u00f3w)<\/p>\n\n\n\n<p>Jestem troch\u0119 do przodu, wiedzia\u0142am, \u017ce id\u0119 na wojn\u0119. Spodziewa\u0142am si\u0119 jednak innego przeciwnika. A i tak niewiele to zmienia, ja r\u00f3wnie\u017c nie mam karabinu.<\/p>\n\n\n\n<p>***<\/p>\n\n\n\n<h3 class=\"wp-block-heading\">Ksi\u0105\u017cka: Opowie\u015bci nierodzic\u00f3w<\/h3>\n\n\n\n<p>Osiemna\u015bcie opowie\u015bci, ka\u017cda kopie po wn\u0119trzno\u015bciach. Ka\u017cda wywo\u0142uje \u0142zy. Ka\u017cda dotyka czytelnika i pozostaje mu w g\u0142owie i sercu na d\u0142ugo. Rodzicielstwo sprowadzone do najprostszego mianownika. Emocje podkr\u0119cone na najwy\u017csze obroty.<\/p>\n\n\n\n<p>Ksi\u0105\u017cka powsta\u0142a w celu pokazania wysi\u0142k\u00f3w rodzic\u00f3w zast\u0119pczych. Ich emocji, ich mi\u0142o\u015bci, zaanga\u017cowania, ale te\u017c bezradno\u015bci, niemocy czy zwyk\u0142ego ludzkiego zm\u0119czenia. Samotno\u015bci i niezrozumienia. Niedocenienia.<\/p>\n\n\n\n<p>Rodzice zast\u0119pczy sami zabrali g\u0142os, sami postanowili opowiedzie\u0107 o sobie, uczyni\u0107 swoj\u0105 prac\u0119 i siebie widzialnymi dla spo\u0142ecze\u0144stwa.<\/p>\n\n\n\n<p>A jednak we wszystkich swoich opowie\u015bciach, tych przepi\u0119knych miniaturkach literackich, najwi\u0119cej miejsca po\u015bwi\u0119cili swoim dzieciom i ich potrzebom.<\/p>\n\n\n\n<p><em>&#8220;A ja? Chc\u0119 mu to wszystko da\u0107. Bo jest moim wszystkim. I podziwiam go, bo sama zawsze by\u0142am tym niewidzialnym dzieckiem, niezauwa\u017conym. A on g\u0142o\u015bno pokazuje mi moje nieme \u201eA ja?\u201d, kt\u00f3rego, gdy by\u0142am dzieckiem, nigdy nie potrafi\u0142am wypowiedzie\u0107. <\/em><\/p>\n\n\n\n<p><em>A ja dzi\u015b? A ja widz\u0119, \u017ce on nadal pi\u0119knie wygl\u0105da w br\u0105zie&#8221;<\/em>. (s. 63, Opowie\u015bci Nierodzic\u00f3w)<br><br><br>&#8212;&#8211;<\/p>\n\n\n\n<h3 class=\"wp-block-heading\"><strong>Premiera ksi\u0105\u017cki:<\/strong> 28 maja 2022<\/h3>\n\n\n\n<p>razem z czytaniem opowie\u015bci dost\u0119pne jako wydarzenie<a href=\"https:\/\/fb.me\/e\/5zbV9yxNl\" target=\"_blank\" rel=\"noreferrer noopener\"><strong> LIVE na FB<\/strong><\/a><\/p>\n\n\n\n<p><\/p>\n\n\n\n<p><\/p>\n\n\n\n<p>***<\/p>\n\n\n\n<p>Wi\u0119cej rekomendowanych ksi\u0105\u017cek znajdziecie <a href=\"https:\/\/projektroz.pl\/\/literatura\">tutaj<\/a>.<\/p>\n[:]","protected":false},"excerpt":{"rendered":"<p>[:pl] Bo to zaczyna si\u0119 od telefonu. Jad\u0105! B\u0119d\u0105 o 13:00 albo o 18:00, albo o p\u00f3\u0142nocy, niewa\u017cne. Lecisz do lustra, gapisz si\u0119 w swoj\u0105 twarz, na kt\u00f3rej widzisz wszystkie emocje naraz, bierzesz g\u0142\u0119boki wdech i my\u015blisz sobie: b\u0119dzie dobrze, damy rad\u0119. Pierwszy raz przytyka Ci oddech i czujesz md\u0142o\u015bci, gdy widzisz na progu swojego [&hellip;]<\/p>\n","protected":false},"author":4,"featured_media":0,"comment_status":"closed","ping_status":"closed","sticky":false,"template":"","format":"standard","meta":{"footnotes":""},"categories":[21,16],"tags":[],"class_list":["post-9242","post","type-post","status-publish","format-standard","hentry","category-literatura","category-propaganda"],"_links":{"self":[{"href":"https:\/\/projektroz.unitunicorn.com\/index.php?rest_route=\/wp\/v2\/posts\/9242","targetHints":{"allow":["GET"]}}],"collection":[{"href":"https:\/\/projektroz.unitunicorn.com\/index.php?rest_route=\/wp\/v2\/posts"}],"about":[{"href":"https:\/\/projektroz.unitunicorn.com\/index.php?rest_route=\/wp\/v2\/types\/post"}],"author":[{"embeddable":true,"href":"https:\/\/projektroz.unitunicorn.com\/index.php?rest_route=\/wp\/v2\/users\/4"}],"replies":[{"embeddable":true,"href":"https:\/\/projektroz.unitunicorn.com\/index.php?rest_route=%2Fwp%2Fv2%2Fcomments&post=9242"}],"version-history":[{"count":0,"href":"https:\/\/projektroz.unitunicorn.com\/index.php?rest_route=\/wp\/v2\/posts\/9242\/revisions"}],"wp:attachment":[{"href":"https:\/\/projektroz.unitunicorn.com\/index.php?rest_route=%2Fwp%2Fv2%2Fmedia&parent=9242"}],"wp:term":[{"taxonomy":"category","embeddable":true,"href":"https:\/\/projektroz.unitunicorn.com\/index.php?rest_route=%2Fwp%2Fv2%2Fcategories&post=9242"},{"taxonomy":"post_tag","embeddable":true,"href":"https:\/\/projektroz.unitunicorn.com\/index.php?rest_route=%2Fwp%2Fv2%2Ftags&post=9242"}],"curies":[{"name":"wp","href":"https:\/\/api.w.org\/{rel}","templated":true}]}}