{"id":9662,"date":"2023-02-23T12:20:42","date_gmt":"2023-02-23T11:20:42","guid":{"rendered":"https:\/\/projektroz.pl\/?p=9662"},"modified":"2023-02-23T12:20:42","modified_gmt":"2023-02-23T11:20:42","slug":"nowelizacja-ustawy-o-wspieraniu-rodziny-i-systemie-pieczy-zastepczej-pytania-i-odpowiedzi-cze","status":"publish","type":"post","link":"https:\/\/projektroz.unitunicorn.com\/?p=9662","title":{"rendered":"[:pl]Nowelizacja ustawy o wspieraniu rodziny i systemie pieczy zast\u0119pczej. Pytania i odpowiedzi. cz\u0119\u015b\u0107 1[:]"},"content":{"rendered":"[:pl]\n<figure class=\"wp-block-image size-thumbnail is-resized\"><img loading=\"lazy\" decoding=\"async\" src=\"https:\/\/projektroz.pl\/wp-content\/uploads\/2023\/02\/ustawa-1-150x150.jpg\" alt=\"\" class=\"wp-image-9667\" width=\"142\" height=\"142\"\/><\/figure>\n\n\n\n<p><\/p>\n\n\n\n<p><\/p>\n\n\n\n<p>Na stronie Ministerstwa Rodziny i Polityki Spo\u0142ecznej znajduje si\u0119 <a href=\"https:\/\/www.gov.pl\/web\/rodzina\/nowelizacja-ustawy-o-wspieraniu-rodziny-i-systemie-pieczy-zastepczej-pytania-i-odpowiedzi\" target=\"_blank\" rel=\"noreferrer noopener\">link<\/a> do opracowania <br>dotycz\u0105cego zmian w ustawie o wspieraniu rodziny i systemie pieczy zast\u0119pczej. <\/p>\n\n\n\n<p><\/p>\n\n\n\n<p><\/p>\n\n\n\n<p><\/p>\n\n\n\n<blockquote class=\"wp-block-quote is-layout-flow wp-block-quote-is-layout-flow\">\n<p>Poni\u017cej fragment pisma Pana Piotra Go\u0142\u0119biewskiego, <br>Dyrektora Biura Pe\u0142nomocnika Rz\u0105du do Spraw Polityki<br>Demograficznej w Ministerstwie Rodziny i Polityki Spo\u0142ecznej<\/p>\n\n\n\n<p><\/p>\n\n\n\n<p><\/p>\n<cite>\u201eUprzejmie informuj\u0119, i\u017c zwi\u0105zku z wej\u015bciem w \u017cycie nowelizacji <br>ustawy o wspieraniu rodziny i systemie pieczy zast\u0119pczej na stronie internetowej Ministerstwa <br>Rodziny i Polityki Spo\u0142ecznej, w zak\u0142adce Wsparcie dla rodzin z dzie\u0107mi \u2013 Opieka zast\u0119pcza <br>nad dzieckiem \u2013 Materia\u0142y dotycz\u0105ce systemu pieczy zast\u0119pczej w Polsce zamieszczono <br>Podr\u0119cznik \u201eNowelizacja ustawy o wspieraniu rodziny i systemie pieczy zast\u0119pczej. <br>Pytania i odpowiedzi. Cz\u0119\u015b\u0107 1\u201d. <br>W sytuacji, gdy na kierowan\u0105 do Ministerstwa Rodziny i Polityki Spo\u0142ecznej korespondencj\u0119<br>dotycz\u0105c\u0105 interpretacji znowelizowanych przepis\u00f3w ustawy o wspieraniu rodziny i systemie<br>pieczy zast\u0119pczej odpowied\u017a mo\u017cna znale\u017a\u0107 w opublikowanym Podr\u0119czniku \u2013<br>korespondencja ta pozostanie bez indywidualnego rozpatrzenia i bez skierowania odr\u0119bnej<br>odpowiedzi. Wyra\u017cone w Podr\u0119czniku opinie nie s\u0105 wi\u0105\u017c\u0105ce dla organu wydaj\u0105cego decyzje <br>w indywidualnych sprawach. Minister Rodziny i Polityki Spo\u0142ecznej nie jest bowiem uprawniony<br>do dokonywania wi\u0105\u017c\u0105cej wyk\u0142adni ustaw ani do zajmowania stanowiska w indywidualnych<br>sprawach, czy rozstrzygania spor\u00f3w kompetencyjnych.\u201d<\/cite><\/blockquote>\n\n\n\n<p>Na naszej stronie znajdziecie te\u017c link do <a href=\"https:\/\/projektroz.pl\/propaganda\/ustawa-o-wspieraniu-rodziny-i-systemie-pieczy-zastepczej\" target=\"_blank\" rel=\"noreferrer noopener\">Ustawy o wspieraniu rodziny i systemie pieczy zast\u0119pczej<\/a>. <\/p>\n\n\n\n<p><\/p>\n\n\n\n<p><\/p>\n[:]","protected":false},"excerpt":{"rendered":"<p>[:pl] Na stronie Ministerstwa Rodziny i Polityki Spo\u0142ecznej znajduje si\u0119 link do opracowania dotycz\u0105cego zmian w ustawie o wspieraniu rodziny i systemie pieczy zast\u0119pczej. Poni\u017cej fragment pisma Pana Piotra Go\u0142\u0119biewskiego, Dyrektora Biura Pe\u0142nomocnika Rz\u0105du do Spraw PolitykiDemograficznej w Ministerstwie Rodziny i Polityki Spo\u0142ecznej \u201eUprzejmie informuj\u0119, i\u017c zwi\u0105zku z wej\u015bciem w \u017cycie nowelizacji ustawy o wspieraniu [&hellip;]<\/p>\n","protected":false},"author":3,"featured_media":0,"comment_status":"open","ping_status":"open","sticky":false,"template":"","format":"standard","meta":{"footnotes":""},"categories":[27,16,10],"tags":[],"class_list":["post-9662","post","type-post","status-publish","format-standard","hentry","category-prawo","category-propaganda","category-sidebar"],"_links":{"self":[{"href":"https:\/\/projektroz.unitunicorn.com\/index.php?rest_route=\/wp\/v2\/posts\/9662","targetHints":{"allow":["GET"]}}],"collection":[{"href":"https:\/\/projektroz.unitunicorn.com\/index.php?rest_route=\/wp\/v2\/posts"}],"about":[{"href":"https:\/\/projektroz.unitunicorn.com\/index.php?rest_route=\/wp\/v2\/types\/post"}],"author":[{"embeddable":true,"href":"https:\/\/projektroz.unitunicorn.com\/index.php?rest_route=\/wp\/v2\/users\/3"}],"replies":[{"embeddable":true,"href":"https:\/\/projektroz.unitunicorn.com\/index.php?rest_route=%2Fwp%2Fv2%2Fcomments&post=9662"}],"version-history":[{"count":0,"href":"https:\/\/projektroz.unitunicorn.com\/index.php?rest_route=\/wp\/v2\/posts\/9662\/revisions"}],"wp:attachment":[{"href":"https:\/\/projektroz.unitunicorn.com\/index.php?rest_route=%2Fwp%2Fv2%2Fmedia&parent=9662"}],"wp:term":[{"taxonomy":"category","embeddable":true,"href":"https:\/\/projektroz.unitunicorn.com\/index.php?rest_route=%2Fwp%2Fv2%2Fcategories&post=9662"},{"taxonomy":"post_tag","embeddable":true,"href":"https:\/\/projektroz.unitunicorn.com\/index.php?rest_route=%2Fwp%2Fv2%2Ftags&post=9662"}],"curies":[{"name":"wp","href":"https:\/\/api.w.org\/{rel}","templated":true}]}}