{"id":9702,"date":"2023-04-04T13:23:18","date_gmt":"2023-04-04T11:23:18","guid":{"rendered":"https:\/\/projektroz.pl\/?p=9702"},"modified":"2023-04-04T13:23:18","modified_gmt":"2023-04-04T11:23:18","slug":"the-fosters","status":"publish","type":"post","link":"https:\/\/projektroz.unitunicorn.com\/?p=9702","title":{"rendered":"[:pl]The Fosters[:]"},"content":{"rendered":"[:pl]\n<p class=\"has-small-font-size\"><img decoding=\"async\" class=\"wp-image-9703\" style=\"width: 208px;\" src=\"https:\/\/projektroz.pl\/wp-content\/uploads\/2023\/04\/The_Fosters_Season_5_poster.jpg\" alt=\"\"><\/p>\n\n\n\n<p class=\"has-text-align-left\">The Fosters \u2013 ameryka\u0144ski serial dramatyczny, emitowany przez ABC Family. Zosta\u0142 stworzony przez Petera Paige i Bradleya Bradeweg, a jego produkcj\u0105 zajmuje si\u0119 Nuyorican Productions prowadzona przez piosenkark\u0119 i aktork\u0119, a zarazem producentk\u0119 wykonawcz\u0105 serialu, Jennifer Lopez. Pi\u0119\u0107 sezon\u00f3w ponad 100 odcink\u00f3w emitowanych mi\u0119dzy 2013 a 2018 rokiem. W Polsce premiera w roku 2015. Obecnie dost\u0119pny na Disney+.<\/p>\n\n\n\n<p class=\"has-text-align-left\">\u201eThe Fosters\u201d zasadniczo kr\u0119ci si\u0119 wok\u00f3\u0142 \u017cycia Stef i Leny oraz ich wieloetnicznej i mieszanej rodziny. Wydarzenia rozgrywaj\u0105 si\u0119 g\u0142\u00f3wnie na cichych przedmie\u015bciach San Diego oraz w szkole, w kt\u00f3rej Lena jest wicedyrektork\u0105. Widzimy, jak rodzina pr\u00f3buje radzi\u0107 sobie z biologicznym synem Stefa i adoptowanymi bli\u017aniakami. Do tego dochodzi dwoje dzieci, kt\u00f3re przyjmuj\u0105 i p\u00f3\u017aniej adoptuj\u0105. Zarz\u0105dzanie jednym dzieckiem jest trudne, pomy\u015bl, jak to jest, gdy dwie pracuj\u0105ce mamy zajmuj\u0105 si\u0119 pi\u0119ciorgiem dzieci. Nieuchronnie staje si\u0119 ci\u0119\u017cka sytuacja, kiedy Stef i Lena wsp\u00f3lnie rozwi\u0105zuj\u0105 problem, pierwsza z jej surowym nastawieniem, a druga ze zrozumieniem i wsp\u00f3\u0142czuciem.<\/p>\n\n\n\n<p class=\"has-text-align-left\">Pierwsze s\u0142owo, o kt\u00f3rym my\u015bl\u0119 ogl\u0105daj\u0105c kolejne odcinki serialu, to \u2013 zrozumienie. S\u0105 jeszcze kolejne, inne &#8211; wi\u0119zy, relacje, rodzina, wsp\u00f3\u0142praca, trauma, poprawczak, RAD, p\u0142ciowo\u015b\u0107, k\u0142opoty, rodziny biologiczne, dorastanie, system, instytucje, przepisy, zasady, codzienno\u015b\u0107. Ale tak w dw\u00f3ch s\u0142owach to serial o pieczy zast\u0119pczej. Je\u015bli wszyscy ju\u017c ogl\u0105dali i tylko ja tak p\u00f3\u017ano go odnalaz\u0142am, to nie zaszkodzi sobie przypomnie\u0107 i zobaczy\u0107 kolejny raz. Je\u015bli jest jeszcze kto\u015b kto nie widzia\u0142 polecam. Obsada aktorska ciekawa, gra dobra, pokazanie tematu prawdziwe. Czego trzeba wi\u0119cej?<\/p>\n\n\n\n<p class=\"has-text-align-left\">Cytuj\u0105c wpis ze <a href=\"https:\/\/pol.cm-ob.pt\/fosters-season-6\" target=\"_blank\" rel=\"noreferrer noopener\">strony<\/a> &#8211; po pi\u0119ciu sezonach, ostatecznie zdecydowali\u015bmy, \u017ce nadszed\u0142 czas, aby zobaczy\u0107, jak dzieci dorastaj\u0105 i wysy\u0142a\u0107 je w doros\u0142o\u015b\u0107, aby stawili czo\u0142a nowym wyzwaniom. Wiedzieli\u015bmy, \u017ce pod\u0105\u017caj\u0105c za Marian\u0105 i Callie do Los Angeles, mo\u017cemy dalej rozwija\u0107 dziedzictwo \u201eThe Fosters\u201d, jednocze\u015bnie skupiaj\u0105c si\u0119 na tym kluczowym momencie w \u017cyciu m\u0142odego doros\u0142ego, kiedy pr\u00f3buje znale\u017a\u0107 swoje miejsce w \u015bwiecie\u201d.<\/p>\n[:]","protected":false},"excerpt":{"rendered":"<p>[:pl] The Fosters \u2013 ameryka\u0144ski serial dramatyczny, emitowany przez ABC Family. Zosta\u0142 stworzony przez Petera Paige i Bradleya Bradeweg, a jego produkcj\u0105 zajmuje si\u0119 Nuyorican Productions prowadzona przez piosenkark\u0119 i aktork\u0119, a zarazem producentk\u0119 wykonawcz\u0105 serialu, Jennifer Lopez. Pi\u0119\u0107 sezon\u00f3w ponad 100 odcink\u00f3w emitowanych mi\u0119dzy 2013 a 2018 rokiem. W Polsce premiera w roku 2015. [&hellip;]<\/p>\n","protected":false},"author":3,"featured_media":0,"comment_status":"open","ping_status":"open","sticky":false,"template":"","format":"standard","meta":{"footnotes":""},"categories":[20,16,10],"tags":[],"class_list":["post-9702","post","type-post","status-publish","format-standard","hentry","category-kinematografia","category-propaganda","category-sidebar"],"_links":{"self":[{"href":"https:\/\/projektroz.unitunicorn.com\/index.php?rest_route=\/wp\/v2\/posts\/9702","targetHints":{"allow":["GET"]}}],"collection":[{"href":"https:\/\/projektroz.unitunicorn.com\/index.php?rest_route=\/wp\/v2\/posts"}],"about":[{"href":"https:\/\/projektroz.unitunicorn.com\/index.php?rest_route=\/wp\/v2\/types\/post"}],"author":[{"embeddable":true,"href":"https:\/\/projektroz.unitunicorn.com\/index.php?rest_route=\/wp\/v2\/users\/3"}],"replies":[{"embeddable":true,"href":"https:\/\/projektroz.unitunicorn.com\/index.php?rest_route=%2Fwp%2Fv2%2Fcomments&post=9702"}],"version-history":[{"count":0,"href":"https:\/\/projektroz.unitunicorn.com\/index.php?rest_route=\/wp\/v2\/posts\/9702\/revisions"}],"wp:attachment":[{"href":"https:\/\/projektroz.unitunicorn.com\/index.php?rest_route=%2Fwp%2Fv2%2Fmedia&parent=9702"}],"wp:term":[{"taxonomy":"category","embeddable":true,"href":"https:\/\/projektroz.unitunicorn.com\/index.php?rest_route=%2Fwp%2Fv2%2Fcategories&post=9702"},{"taxonomy":"post_tag","embeddable":true,"href":"https:\/\/projektroz.unitunicorn.com\/index.php?rest_route=%2Fwp%2Fv2%2Ftags&post=9702"}],"curies":[{"name":"wp","href":"https:\/\/api.w.org\/{rel}","templated":true}]}}