{"id":9711,"date":"2023-04-17T10:38:27","date_gmt":"2023-04-17T08:38:27","guid":{"rendered":"https:\/\/projektroz.pl\/?p=9711"},"modified":"2023-04-17T10:38:27","modified_gmt":"2023-04-17T08:38:27","slug":"za-duzo-domow-dziecka","status":"publish","type":"post","link":"https:\/\/projektroz.unitunicorn.com\/?p=9711","title":{"rendered":"[:pl]Raport NIK &#8211; Za du\u017co dom\u00f3w dziecka, za ma\u0142o rodzin zast\u0119pczych[:]"},"content":{"rendered":"[:pl]\n<figure class=\"wp-block-image size-medium\"><img decoding=\"async\" src=\"https:\/\/projektroz.pl\/wp-content\/uploads\/2023\/04\/NIK-piecza-zastepcza-2-dzieci-i-rodziny-182x300.jpg\" alt=\"\" class=\"wp-image-9712\"\/><\/figure>\n\n\n\n<p>Raport NIK opublikowany 14.04.2023 roku dotyczy wsparcia systemu pieczy zast\u0119pczej w procesie deinstytucjonalizacji i niestety nie jest on optymistyczny. <\/p>\n\n\n\n<p> Niepokoj\u0105cym zjawiskiem w&nbsp;latach 2019-2021 by\u0142 ponad dwukrotny wzrost liczby dzieci skierowanych do pieczy instytucjonalnej z&nbsp;powodu braku miejsc w&nbsp;pieczy rodzinnej<strong>&nbsp;<\/strong>(w 2019&nbsp;r. takich dzieci by\u0142o 17, a&nbsp;2 lata p\u00f3\u017aniej ju\u017c 36).<strong>&nbsp;<\/strong>W tym samym okresie&nbsp;<strong>a\u017c o&nbsp;62,5% wzros\u0142a liczba dzieci przeniesionych z&nbsp;pieczy rodzinnej do pieczy instytucjonalnej (w poszczeg\u00f3lnych latach 32, 37 i&nbsp;52 dzieci).<\/strong>&nbsp;Powodem przeniesienia by\u0142o najcz\u0119\u015bciej rozwi\u0105zanie dotychczasowej formy opieki i&nbsp;brak wolnych miejsc w&nbsp;rodzinnej pieczy zast\u0119pczej.&nbsp;<strong><a href=\"https:\/\/www.nik.gov.pl\/aktualnosci\/deinstytucjonalizacji-pieczy-zastepczej.html?fbclid=IwAR0M2TGCdlbgw0VkFpTmwAM_x5ZD7m1KLsyrX6l_lWiagge9Oj7pPXUNLg8\" target=\"_blank\" rel=\"noreferrer noopener\">NIK<\/a> zwraca uwag\u0119, \u017ce jest to kierunek odwrotny w&nbsp;stosunku do za\u0142o\u017ce\u0144 deinstytucjonalizacji rodzinnej pieczy zast\u0119pczej, kt\u00f3ry \u015bwiadczy o&nbsp;pog\u0142\u0119biaj\u0105cym si\u0119 kryzysie zasob\u00f3w rodzinnej pieczy zast\u0119pczej w&nbsp;skontrolowanych powiatach.<\/strong><\/p>\n\n\n\n<p>Pe\u0142ny raport NIK licz\u0105cy 150 stron mo\u017cna przeczyta\u0107 <a href=\"https:\/\/www.nik.gov.pl\/plik\/id,27403,vp,30218.pdf\" target=\"_blank\" rel=\"noreferrer noopener\">tutaj<\/a>. <\/p>\n\n\n\n<p>Na naszej stronie r\u00f3wnie\u017c  <a href=\"https:\/\/projektroz.pl\/propaganda\/kontrola-nik-sytuacja-dzieci-w-pogotowiach-opiekunczych\" target=\"_blank\" rel=\"noreferrer noopener\">Raport NIK z 2020<\/a> roku. <\/p>\n[:]","protected":false},"excerpt":{"rendered":"<p>[:pl] Raport NIK opublikowany 14.04.2023 roku dotyczy wsparcia systemu pieczy zast\u0119pczej w procesie deinstytucjonalizacji i niestety nie jest on optymistyczny. Niepokoj\u0105cym zjawiskiem w&nbsp;latach 2019-2021 by\u0142 ponad dwukrotny wzrost liczby dzieci skierowanych do pieczy instytucjonalnej z&nbsp;powodu braku miejsc w&nbsp;pieczy rodzinnej&nbsp;(w 2019&nbsp;r. takich dzieci by\u0142o 17, a&nbsp;2 lata p\u00f3\u017aniej ju\u017c 36).&nbsp;W tym samym okresie&nbsp;a\u017c o&nbsp;62,5% wzros\u0142a liczba [&hellip;]<\/p>\n","protected":false},"author":3,"featured_media":0,"comment_status":"open","ping_status":"open","sticky":false,"template":"","format":"standard","meta":{"footnotes":""},"categories":[27,16,10],"tags":[],"class_list":["post-9711","post","type-post","status-publish","format-standard","hentry","category-prawo","category-propaganda","category-sidebar"],"_links":{"self":[{"href":"https:\/\/projektroz.unitunicorn.com\/index.php?rest_route=\/wp\/v2\/posts\/9711","targetHints":{"allow":["GET"]}}],"collection":[{"href":"https:\/\/projektroz.unitunicorn.com\/index.php?rest_route=\/wp\/v2\/posts"}],"about":[{"href":"https:\/\/projektroz.unitunicorn.com\/index.php?rest_route=\/wp\/v2\/types\/post"}],"author":[{"embeddable":true,"href":"https:\/\/projektroz.unitunicorn.com\/index.php?rest_route=\/wp\/v2\/users\/3"}],"replies":[{"embeddable":true,"href":"https:\/\/projektroz.unitunicorn.com\/index.php?rest_route=%2Fwp%2Fv2%2Fcomments&post=9711"}],"version-history":[{"count":0,"href":"https:\/\/projektroz.unitunicorn.com\/index.php?rest_route=\/wp\/v2\/posts\/9711\/revisions"}],"wp:attachment":[{"href":"https:\/\/projektroz.unitunicorn.com\/index.php?rest_route=%2Fwp%2Fv2%2Fmedia&parent=9711"}],"wp:term":[{"taxonomy":"category","embeddable":true,"href":"https:\/\/projektroz.unitunicorn.com\/index.php?rest_route=%2Fwp%2Fv2%2Fcategories&post=9711"},{"taxonomy":"post_tag","embeddable":true,"href":"https:\/\/projektroz.unitunicorn.com\/index.php?rest_route=%2Fwp%2Fv2%2Ftags&post=9711"}],"curies":[{"name":"wp","href":"https:\/\/api.w.org\/{rel}","templated":true}]}}