{"id":9724,"date":"2023-06-11T16:19:10","date_gmt":"2023-06-11T14:19:10","guid":{"rendered":"https:\/\/projektroz.pl\/?p=9724"},"modified":"2023-06-11T16:19:10","modified_gmt":"2023-06-11T14:19:10","slug":"fal","status":"publish","type":"post","link":"https:\/\/projektroz.unitunicorn.com\/?p=9724","title":{"rendered":"[:pl]FAL Fun A-Long &#8211; Mi\u0142o\u015b\u0107 do kwadratu[:]"},"content":{"rendered":"[:pl]\n<figure class=\"wp-block-image size-full\"><img decoding=\"async\" src=\"https:\/\/projektroz.pl\/wp-content\/uploads\/2023\/06\/349316400_958475668630206_6262556268959533298_n-e1686487553118.jpg\" alt=\"FAL Mi\u0142o\u015b\u0107 do kwadratu\" class=\"wp-image-9725\"\/><figcaption class=\"wp-element-caption\">FAL Mi\u0142o\u015b\u0107 do kwadratu<\/figcaption><\/figure>\n\n\n\n<p class=\"has-text-align-left\">Co to jest FAL Ful A Long &#8211; Mi\u0142o\u015b\u0107 do kwadratu? <br>Opowie\u015b\u0107 zaczyna si\u0119 kilka lat temu. Kiedy to jedno z powierzonych naszej pieczy dzieci tak dawa\u0142o w ko\u015b\u0107, \u017ce w\u0142a\u015bciwie przez dwa miesi\u0105ce wakacji nie opu\u015bci\u0142am domu. Nie do ko\u0144ca chodzi\u0142o o opuszczenie domu, co pozostawienie dziecka pod opiek\u0105 kogo\u015b innego. Nie \u017cebym by\u0142a najlepsza i niezast\u0105piona, ale dlatego, \u017ce nie chcia\u0142am, \u017ceby ktokolwiek musia\u0142 ponosi\u0107 odpowiedzialno\u015b\u0107 za dzia\u0142anie i zachowanie tej m\u0142odej osoby. Co robi\u0142a? &nbsp;Nie chc\u0119 tego wspomina\u0107. Ale ja, \u017ceby nie oszale\u0107 wr\u00f3ci\u0142am do hobby kt\u00f3re pomaga\u0142o oczy\u015bci\u0107 my\u015bli i zachowa\u0107 minimum r\u00f3wnowagi. <\/p>\n\n\n\n<p class=\"has-text-align-left\">Dla mnie to by\u0142y r\u0119czne rob\u00f3tki. Zacz\u0119\u0142am od drut\u00f3w, ale szybko z nich zrezygnowa\u0142am. Dlaczego? Bo robienie na drutach wychodzi\u0142o mi jako\u015b mechanicznie, my\u015bli nadal b\u0142\u0105dzi\u0142y po obszarach niebezpiecznych i nie da\u0142y odpocz\u0105\u0107. Postanowi\u0142am spr\u00f3bowa\u0107 z szyde\u0142kiem. Zacz\u0119\u0142am od jakiej\u015b prostej chusty, serwetki, podk\u0142adek pod kubeczki. Nadal to nie by\u0142o to, co dawa\u0142o zapomnie\u0107, a w\u0142a\u015bciwie pomy\u015ble\u0107 o czym\u015b innym ni\u017c szalone zachowanie m\u0142odej osoby. I wtedy zobaczy\u0142am robione na szyde\u0142ku maskotki. To by\u0142o to. Im wi\u0119cej liczenia i my\u015blenia, tym lepszy wz\u00f3r. Przeliczaj\u0105c wszystkie oczka, kontroluj\u0105c wielokrotnie zapisy wzor\u00f3w przestawa\u0142am my\u015ble\u0107 o codzienno\u015bci. Dzi\u0119ki temu chwil\u0119 p\u00f3\u017aniej mog\u0142am podejmowa\u0107 trze\u017awe decyzje, dzia\u0142a\u0107 z rozmys\u0142em. Szyde\u0142kowe rob\u00f3tki spe\u0142nia\u0142y swoj\u0105 rol\u0119, pozwala\u0142y odpocz\u0105\u0107 umys\u0142owi, wprowadza\u0142y spok\u00f3j i pozwala\u0142y realizowa\u0107 dzia\u0142ania inne ni\u017c piecza nad drugim cz\u0142owiekiem. <\/p>\n\n\n\n<h2 class=\"wp-block-heading\">zaopiekuj si\u0119 opiekunem<\/h2>\n\n\n\n<p class=\"has-text-align-left\">Staramy si\u0119 jako Fundacja PROJEKT ROZ przypomina\u0107 opiekunom zast\u0119pczym jak wa\u017cne jest po\u015bwi\u0119cenie sobie i swoim zainteresowaniom cho\u0107by najmniejszej cz\u0119\u015bci dnia. Rok temu przypominali\u015bmy tym kt\u00f3rzy lubi\u0105 i potrafi\u0105 pisa\u0107, \u017ce swoje pasje z tym zwi\u0105zane trzeba rozwija\u0107 i piel\u0119gnowa\u0107. Powsta\u0142\u0105 wtedy dzi\u0119ki wsp\u00f3\u0142pracy z Miko\u0142ajem Grynbergiem ksi\u0105\u017cka <a href=\"https:\/\/projektroz.pl\/programy-i-projekty\/opowiesci-nierodzicow\" target=\"_blank\" rel=\"noreferrer noopener\">\u201eOpowie\u015bci Nierodzic\u00f3w\u201d<\/a>. &nbsp;W tym roku wsp\u00f3\u0142pracy z nami podj\u0119\u0142a si\u0119 <a href=\"https:\/\/www.facebook.com\/Yagayagahandmade\" target=\"_blank\" rel=\"noreferrer noopener\">Yaga Yaga<\/a> i <a href=\"https:\/\/www.facebook.com\/WiedzMatki\" target=\"_blank\" rel=\"noreferrer noopener\">Wied\u017amatki<\/a>. To dzi\u0119ki nim powsta\u0142y projekty szyde\u0142kowych i drutowych chust, szali, pled\u00f3w \u2026 Wszyscy kt\u00f3rzy wezm\u0105 udzia\u0142 w projekcie <a href=\"https:\/\/www.facebook.com\/groups\/244355334908525\" target=\"_blank\" rel=\"noreferrer noopener\">FAL Mi\u0142o\u015b\u0107 do kwadratu<\/a> b\u0119d\u0105 mogli je wykona\u0107, dla siebie, a mo\u017ce dla znajomego opiekuna zast\u0119pczego. To w my\u015bl realizacji has\u0142a naszej fundacji \u201ezaopiekuj si\u0119 opiekunem\u201d. <\/p>\n\n\n\n<p class=\"has-text-align-left\">Jednak to nie wszystko. Z ka\u017cdym kolejnym fragmentem wzor\u00f3w b\u0119dzie mo\u017cna przeczyta\u0107 jedno z opowiada\u0144<strong><em> <a href=\"https:\/\/www.facebook.com\/beata.gospodarekwerbanow\" target=\"_blank\" rel=\"noreferrer noopener\">Beaty Wierzbickiej<\/a><\/em><\/strong>, a opowie\u015bci b\u0119d\u0105 o pieczy zast\u0119pczej. O opiekunach, o dzieciach, o naszym wsp\u00f3lnym \u017cyciu, o tym co pi\u0119kne, ale i o tym co martwi, o efektach i o ich braku, o tych co pomagaj\u0105 i o tych co wr\u0119cz przeciwnie.<\/p>\n\n\n\n<h2 class=\"wp-block-heading\">co o projekcie napisali\u015bmy na fb<\/h2>\n\n\n\n<p class=\"has-small-font-size\">30 MAJA OBCHODZIMY DZIE\u0143 RODZICIELSTWA ZAST\u0118PCZEGO.<\/p>\n\n\n\n<p class=\"has-small-font-size\">To \u015bwi\u0119to opiekun\u00f3w\/rodzic\u00f3w zast\u0119pczych. Os\u00f3b, kt\u00f3re przyjmuj\u0105 pod sw\u00f3j dach, do swojej codzienno\u015bci, do swoich rodzin dzieci kt\u00f3re z r\u00f3\u017cnych powod\u00f3w nie mog\u0105 \u017cy\u0107 w swoich rodzinach pochodzenia.<\/p>\n\n\n\n<p class=\"has-small-font-size\">Fundacja PROJEKT ROZ od 12 lat dzia\u0142a w\u0142a\u015bnie dla nich, a w\u0142a\u015bciwie powinna powiedzie\u0107 w\u0142a\u015bnie dla nas, bo sami od 18 lat prowadzimy Rodzinny Dom Dziecka.<\/p>\n\n\n\n<p class=\"has-small-font-size\">Ka\u017cdego roku, w Polsce jest coraz mniej rodzin zast\u0119pczych. Niestety nie dlatego, \u017ce nie ma potrzeby, \u017ce nie ma dzieci, kt\u00f3re potrzebuj\u0105 spokojnego miejsca na ziemi. Nie ma, bo to bardzo odpowiedzialna, wyczerpuj\u0105ca psychicznie praca. Brakuje kolejnych ch\u0119tnych, m\u0105drych, spolegliwych doros\u0142ych kt\u00f3rzy chc\u0105 zosta\u0107 rodzin\u0105 zast\u0119pcz\u0105. Wiele rodzin tak po prostu po ludzku si\u0119 starzeje i ko\u0144czy swoje dzia\u0142ania, nie podejmuje si\u0119 opieki nad kolejnymi dzie\u0107mi.<br>A potrzebuj\u0105cych dzieci jest coraz wi\u0119cej.<\/p>\n\n\n\n<p class=\"has-small-font-size\"><em>Has\u0142o naszej fundacji brzmi \u2013 \u201ezaopiekuj si\u0119 opiekunem\u201d<\/em><\/p>\n\n\n\n<p class=\"has-small-font-size\">Realizujemy je bardzo r\u00f3\u017cnorodnie. Od organizacji szkole\u0144, przez prowadzenie grup wsparcia<br>czy coaching, po wsp\u00f3lne pisanie ksi\u0105\u017cek.<br>*&nbsp;Wiemy w jak wielu kierunkach powinni rozwija\u0107 si\u0119 opiekunowie\/rodzice zast\u0119pczy.<br>* Wiemy jak bardzo brakuje im wsparcia, zainteresowania ze strony innych doros\u0142ych, zrozumienia i opieki.<br>*&nbsp;Wiemy jak bardzo s\u0105 potrzebni dzieciom.<br>*&nbsp;Wiemy te\u017c jak bardzo potrzebuj\u0105 wytchnienia, czasu na hobby i realizacj\u0119 marze\u0144.<\/p>\n\n\n\n<p class=\"has-small-font-size\">W tym roku poprosili\u015bmy super kobiety, \u017ceby wsp\u00f3lnie z nami przygotowa\u0142y i poprowadzi\u0142y FAL Fun A-Long Mi\u0142o\u015b\u0107 do kwadratu. Dla tych co potrafi\u0105 i dla tych kt\u00f3rzy chc\u0105 si\u0119 nauczy\u0107 i wyszyde\u0142kowa\u0107 chust\u0119, wydzierga\u0107 pled i przeczyta\u0107 \u201eopowie\u015bci nierodzic\u00f3w\u201d.<\/p>\n\n\n\n<h2 class=\"wp-block-heading\">co trzeba zrobi\u0107 <\/h2>\n\n\n\n<p class=\"has-small-font-size\">\u017ceby wzi\u0105\u0107 udzia\u0142 w FAL Fun A-Long &#8216;Mi\u0142o\u015b\u0107 do kwadratu&#8217; prosimy o przekazanie wp\u0142aty 20 z\u0142 <br>* na konto: 46 1160 2202 0000 0002 2619 0881 Fundacja PROJEKT ROZ Wielkie Drogi 13: 32-051 Wielkie Drogi &#8211; Tytu\u0142 przelewu: FAL darowizna<br>* PayPal \u2013 <a href=\"http:\/\/paypal.me\/projektroz?fbclid=IwAR3c01r1V_fBQVv0RDTldf4Mlcq9VMrIlbQeruxK8zpZ7w3B8ICYYZjUnng\" target=\"_blank\" rel=\"noreferrer noopener\">paypal.me\/projektroz<\/a><br>* lub <a href=\"https:\/\/www.paypal.com\/donate\/?hosted_button_id=G7Y7NYCHVYYEU\" target=\"_blank\" rel=\"noreferrer noopener\">https:\/\/www.paypal.com\/donate\/&#8230;<\/a><br>* Blik: 602601848<br>Po otrzymaniu potwierdzenia przelewu, otrzymasz zaproszenie do grupy FAL Fun A-Long &#8216;Mi\u0142o\u015b\u0107 do kwadratu.<\/p>\n\n\n\n<p class=\"has-small-font-size\"><em>&nbsp;YagaYaga i Wied\u017amatki podj\u0119\u0142y decyzj\u0119, \u017ce wszystkie \u015brodki\/wp\u0142aty dokonane przez uczestnik\u00f3w FAL Fun A-Long Mi\u0142o\u015b\u0107 do kwadratu zostan\u0105 przekazane na realizacj\u0119 dzia\u0142a\u0144 Fundacji PROJEKT ROZ.<\/em><\/p>\n[:]","protected":false},"excerpt":{"rendered":"<p>[:pl] Co to jest FAL Ful A Long &#8211; Mi\u0142o\u015b\u0107 do kwadratu? Opowie\u015b\u0107 zaczyna si\u0119 kilka lat temu. Kiedy to jedno z powierzonych naszej pieczy dzieci tak dawa\u0142o w ko\u015b\u0107, \u017ce w\u0142a\u015bciwie przez dwa miesi\u0105ce wakacji nie opu\u015bci\u0142am domu. Nie do ko\u0144ca chodzi\u0142o o opuszczenie domu, co pozostawienie dziecka pod opiek\u0105 kogo\u015b innego. Nie \u017cebym [&hellip;]<\/p>\n","protected":false},"author":3,"featured_media":0,"comment_status":"open","ping_status":"open","sticky":false,"template":"","format":"standard","meta":{"footnotes":""},"categories":[14,10],"tags":[],"class_list":["post-9724","post","type-post","status-publish","format-standard","hentry","category-programy-i-projekty","category-sidebar"],"_links":{"self":[{"href":"https:\/\/projektroz.unitunicorn.com\/index.php?rest_route=\/wp\/v2\/posts\/9724","targetHints":{"allow":["GET"]}}],"collection":[{"href":"https:\/\/projektroz.unitunicorn.com\/index.php?rest_route=\/wp\/v2\/posts"}],"about":[{"href":"https:\/\/projektroz.unitunicorn.com\/index.php?rest_route=\/wp\/v2\/types\/post"}],"author":[{"embeddable":true,"href":"https:\/\/projektroz.unitunicorn.com\/index.php?rest_route=\/wp\/v2\/users\/3"}],"replies":[{"embeddable":true,"href":"https:\/\/projektroz.unitunicorn.com\/index.php?rest_route=%2Fwp%2Fv2%2Fcomments&post=9724"}],"version-history":[{"count":0,"href":"https:\/\/projektroz.unitunicorn.com\/index.php?rest_route=\/wp\/v2\/posts\/9724\/revisions"}],"wp:attachment":[{"href":"https:\/\/projektroz.unitunicorn.com\/index.php?rest_route=%2Fwp%2Fv2%2Fmedia&parent=9724"}],"wp:term":[{"taxonomy":"category","embeddable":true,"href":"https:\/\/projektroz.unitunicorn.com\/index.php?rest_route=%2Fwp%2Fv2%2Fcategories&post=9724"},{"taxonomy":"post_tag","embeddable":true,"href":"https:\/\/projektroz.unitunicorn.com\/index.php?rest_route=%2Fwp%2Fv2%2Ftags&post=9724"}],"curies":[{"name":"wp","href":"https:\/\/api.w.org\/{rel}","templated":true}]}}