{"id":9795,"date":"2023-06-28T22:10:22","date_gmt":"2023-06-28T20:10:22","guid":{"rendered":"https:\/\/projektroz.pl\/?p=9795"},"modified":"2023-06-28T22:10:22","modified_gmt":"2023-06-28T20:10:22","slug":"automatycznie-zapisany-szkic","status":"publish","type":"post","link":"https:\/\/projektroz.unitunicorn.com\/?p=9795","title":{"rendered":"[:pl]NON-FICTION 2022[:]"},"content":{"rendered":"[:pl]\n<figure class=\"wp-block-image size-large is-resized\"><img loading=\"lazy\" decoding=\"async\" src=\"https:\/\/projektroz.pl\/wp-content\/uploads\/2023\/06\/276073608_1670640056619637_8322368877135413744_n-1-1024x1024.jpg\" alt=\"\" class=\"wp-image-9797\" width=\"256\" height=\"256\"\/><figcaption class=\"wp-element-caption\"><kbd>Non-Fiction 2022 Krak\u00f3w<\/kbd><\/figcaption><\/figure>\n\n\n\n<p><a href=\"https:\/\/www.facebook.com\/watch\/live\/?ref=watch_permalink&amp;v=813389349667938\" target=\"_blank\" rel=\"noreferrer noopener\">NON-FICTION 2022.<\/a> To w\u0142a\u015bnie w czasie Festiwalu Reporta\u017cu odby\u0142a si\u0119 debata: Dom z\u0142y. Czy dzieci w Polsce to ludzie? Bra\u0142y w niej udzia\u0142 Marta Wroniszewska &#8211; autorka ksi\u0105\u017cki <br><a href=\"https:\/\/czarne.com.pl\/katalog\/ksiazki\/tu-jest-teraz-twoj-dom\" target=\"_blank\" rel=\"noreferrer noopener\">Tu jest teraz tw\u00f3j dom. Adopcja w Polsce. <\/a>, El\u017cbieta Matusiak &#8211; pomys\u0142odawczyni <br>i wsp\u00f3\u0142autorka ksi\u0105\u017cki <a href=\"https:\/\/projektroz.pl\/programy-i-projekty\/opowiesci-nierodzicow\" target=\"_blank\" rel=\"noreferrer noopener\">Opowie\u015bci Nierodzic\u00f3w<\/a>.<\/p>\n\n\n\n<p>W opisie <a href=\"https:\/\/open.spotify.com\/episode\/36qa2vuKLLJIrWu7gIl32H?si=73afdb4b3c2846f8\" target=\"_blank\" rel=\"noreferrer noopener\">odcinka<\/a> napisano: Jak wygl\u0105da piecza zast\u0119pcza w Polsce? Z jakimi problemami mierz\u0105 si\u0119 dzieci, rodziny zast\u0119pcze, wychowankowie dom\u00f3w dziecka? Jak dzia\u0142a system adopcyjny? Dlaczego pa\u0144stwo polskie dobija piecz\u0119 zast\u0119pcz\u0105, zamiast j\u0105 wspiera\u0107? Jak w praktyce wygl\u0105da to s\u0142ynne &#8220;dobro dziecka&#8221;, odmieniane przez wszystkie przypadki od 30 lat przez polityk\u00f3w wszelkiej ma\u015bci i purpurat\u00f3w. <\/p>\n\n\n\n<p>Pos\u0142uchajcie jakie odpowiedzi na tak zadane pytania uzyska\u0142a prowadz\u0105ca. Z czym nie radzi sobie &#8220;system&#8221;, a z czym radz\u0105 sobie opiekunowie\/rodzice zast\u0119pczy. <\/p>\n\n\n\n<p>Na Festiwalu Reporta\u017cu NON-FICTION go\u015bcili\u015bmy po raz pierwszy. Jeste\u015bmy przekonani, \u017ce nie ostatni. Do\u0142o\u017cymy wszelkich stara\u0144 \u017ceby powt\u00f3rzy\u0107 ca\u0142y projekt Opowie\u015bci Nierodzic\u00f3w z kolejnymi uczestnikami nadal we wsp\u00f3\u0142pracy z Miko\u0142ajem Grynbergiem. <\/p>\n[:]","protected":false},"excerpt":{"rendered":"<p>[:pl] NON-FICTION 2022. To w\u0142a\u015bnie w czasie Festiwalu Reporta\u017cu odby\u0142a si\u0119 debata: Dom z\u0142y. Czy dzieci w Polsce to ludzie? Bra\u0142y w niej udzia\u0142 Marta Wroniszewska &#8211; autorka ksi\u0105\u017cki Tu jest teraz tw\u00f3j dom. Adopcja w Polsce. , El\u017cbieta Matusiak &#8211; pomys\u0142odawczyni i wsp\u00f3\u0142autorka ksi\u0105\u017cki Opowie\u015bci Nierodzic\u00f3w. W opisie odcinka napisano: Jak wygl\u0105da piecza zast\u0119pcza [&hellip;]<\/p>\n","protected":false},"author":3,"featured_media":0,"comment_status":"open","ping_status":"open","sticky":false,"template":"","format":"standard","meta":{"footnotes":""},"categories":[22,16,10,25],"tags":[],"class_list":["post-9795","post","type-post","status-publish","format-standard","hentry","category-programy-telewizyjne-i-radiowe","category-propaganda","category-sidebar","category-wydarzenia"],"_links":{"self":[{"href":"https:\/\/projektroz.unitunicorn.com\/index.php?rest_route=\/wp\/v2\/posts\/9795","targetHints":{"allow":["GET"]}}],"collection":[{"href":"https:\/\/projektroz.unitunicorn.com\/index.php?rest_route=\/wp\/v2\/posts"}],"about":[{"href":"https:\/\/projektroz.unitunicorn.com\/index.php?rest_route=\/wp\/v2\/types\/post"}],"author":[{"embeddable":true,"href":"https:\/\/projektroz.unitunicorn.com\/index.php?rest_route=\/wp\/v2\/users\/3"}],"replies":[{"embeddable":true,"href":"https:\/\/projektroz.unitunicorn.com\/index.php?rest_route=%2Fwp%2Fv2%2Fcomments&post=9795"}],"version-history":[{"count":0,"href":"https:\/\/projektroz.unitunicorn.com\/index.php?rest_route=\/wp\/v2\/posts\/9795\/revisions"}],"wp:attachment":[{"href":"https:\/\/projektroz.unitunicorn.com\/index.php?rest_route=%2Fwp%2Fv2%2Fmedia&parent=9795"}],"wp:term":[{"taxonomy":"category","embeddable":true,"href":"https:\/\/projektroz.unitunicorn.com\/index.php?rest_route=%2Fwp%2Fv2%2Fcategories&post=9795"},{"taxonomy":"post_tag","embeddable":true,"href":"https:\/\/projektroz.unitunicorn.com\/index.php?rest_route=%2Fwp%2Fv2%2Ftags&post=9795"}],"curies":[{"name":"wp","href":"https:\/\/api.w.org\/{rel}","templated":true}]}}