{"id":9812,"date":"2023-07-26T17:23:05","date_gmt":"2023-07-26T15:23:05","guid":{"rendered":"https:\/\/projektroz.pl\/?p=9812"},"modified":"2023-07-26T17:23:05","modified_gmt":"2023-07-26T15:23:05","slug":"instytucje-kontrolujace","status":"publish","type":"post","link":"https:\/\/projektroz.unitunicorn.com\/?p=9812","title":{"rendered":"[:pl]Mamy instytucje kontroluj\u0105ce, a co ze WSPIERAJ\u0104CYMI?[:]"},"content":{"rendered":"[:pl]\n<figure class=\"wp-block-image size-full is-resized\"><img loading=\"lazy\" decoding=\"async\" src=\"https:\/\/projektroz.pl\/wp-content\/uploads\/2023\/07\/2145933.png\" alt=\"Polityka Spo\u0142eczna\" class=\"wp-image-9813\" width=\"150\" height=\"214\"\/><\/figure>\n\n\n\n<p>\u201eMAMY DWIE INSTYTUCJE KONTROLUJ\u0104CE. NIE MAMY INSTYTUCJI WSPIERAJ\u0104CEJ\u201d: ZAWODOWI RODZICE ZAST\u0118PCZY O SYSTEMIE WSPARCIA RODZINNEJ PIECZY ZAST\u0118PCZEJ. POJEDYNCZE STUDIUM PRZYPADKU.\u00a0Ca\u0142o\u015b\u0107 opublikowano w Wydawnictwie <a href=\"https:\/\/polityka-spoleczna.ipiss.com.pl\/resources\/html\/article\/details?id=611557\" target=\"_blank\" rel=\"noreferrer noopener\">Polityka Spo\u0142eczna nr 4\/2023<\/a>. Dr Jana Basiaga porusza wa\u017cne dla opiekun\u00f3w zast\u0119pczych tematy, o kt\u00f3rych w naszym \u015brodowisku rozmawiamy od kilku, a mo\u017ce nawet kilkunastu lat.<\/p>\n\n\n\n<p>Czy dotrwamy do momentu, kiedy b\u0119dziemy wspierani? To jak wszystko w pieczy zast\u0119pczej delikatna kwestia. <br>\u201e\/\u2026\/ badacze wskazuj\u0105, \u017ce nawet je\u015bli opiekunowie zast\u0119pczy maj\u0105 wysok\u0105 og\u00f3ln\u0105 satysfakcj\u0119, to brak zadowolenia tylko w jed\u00adnym obszarze funkcjonowania mo\u017ce prze\u0142o\u017cy\u0107 si\u0119 na decyzj\u0119 o rezygnacji z pe\u0142nionej funkcji (Vanderfaeillie i in., 2016).\u201d Mo\u017cna w nim znale\u017a\u0107 ciekawe, cho\u0107 my\u015bl\u0119, \u017ce dla opiekun\u00f3w\/rodzic\u00f3w zast\u0119pczych nieodkrywcze informacje wynikaj\u0105ce z analizy literatury naukowej, w wi\u0119kszo\u015bci zagranicznej. Przytocz\u0119 jeszcze jeden obszerny fragment artyku\u0142u. \u201eBadania realizowane w USA oraz w Australii wykaza\u0142y, \u017ce rodzice zast\u0119pczy, kt\u00f3rzy czuj\u0105, \u017ce s\u0105 uznawani za integralnych cz\u0142onk\u00f3w systemu pieczy zast\u0119pczej, rzadziej rezygnuj\u0105 z pe\u0142nionej funkcji (Eaton i Caltabiano, 2009; Geiger, Hayes i Lietz, 2013; Cooley, Thompson i Wojciak, 2017). Rodzice zast\u0119p\u00adczy chc\u0105 by\u0107 uznawani za istotny element zespo\u0142u opieki nad dzieckiem i wsparcia rodziny oraz oczekuj\u0105, aby ich opinie na temat przysz\u0142o\u015bci dzieci, kt\u00f3rymi si\u0119 opiekuj\u0105, mia\u0142y sw\u00f3j udzia\u0142 w procesach decyzyj\u00adnych (Hudson i Levasseur, 2002; Buehler i in., 2006). Kanadyjscy badacze wykazali, \u017ce rodzice zast\u0119pczy, kt\u00f3rzy rozwa\u017caj\u0105 rezygnacj\u0119 z pe\u0142nionej funkcji, cz\u0119sto zg\u0142aszaj\u0105 problem trudnych lub negatywnych rela\u00adcji z pracownikami instytucji wspieraj\u0105cych (Rhodes, Orme i Buehler, 2001; Rodger, Cummings i Leschied, 2006). W r\u00f3\u017cnych badaniach rodzice zast\u0119pczy kon\u00adsekwentnie zg\u0142aszali, \u017ce oczekuj\u0105 otwartych relacji ukierunkowanych na partnerstwo, wzajemne zrozu\u00admienie, szczero\u015b\u0107 oraz otwarto\u015b\u0107 (Buehler i in., 2003; Gerring, Kemp i Marcenko, 2008; Hollin i Larkin, 2011; Randle i in., 2012\u201d<\/p>\n\n\n\n<h2 class=\"wp-block-heading\">wyniki bada\u0144<\/h2>\n\n\n\n<p>Polski system pieczy zast\u0119pczej, a w szczeg\u00f3lno\u015bci rodzinnej pieczy zast\u0119pczej prze\u017cywa kryzys. S\u0142owa, zapewnienia czy nawet og\u00f3lnopolskie kampanie niewiele zmieni\u0105, je\u015bli mi\u0119dzy innymi nie ulegnie zmianie nie tylko my\u015blenie, ale przede wszystkim dzia\u0142anie w obszarze zada\u0144 instytucji wspieraj\u0105cych rodziny zast\u0119pcze i przeniesienie energii pracownik\u00f3w tych instytucji z dzia\u0142a\u0144 kontrolno-nadzoruj\u0105cych na dzia\u0142ania wspieraj\u0105ce. \u00a0Wyniki bada\u0144 przeprowadzonych przez Uniwersytet \u015al\u0105ski w Katowicach warto przeczyta\u0107.  <\/p>\n\n\n\n<p>Czy teren bada\u0144 jest wyj\u0105tkowy, i w innych obszarach Polski wyniki by\u0142yby inne, nazwijmy to bardziej optymistyczne? Posi\u0142kuj\u0105c si\u0119 rozmowami prowadzonymi w mediach spo\u0142ecznych w tym w wielu grupach zamkni\u0119tych pokusz\u0119 si\u0119 o odpowied\u017a na to pytanie. Nie. Tak jest w wielu miejscach w Polce, w zbyt wielu, \u017ceby milcze\u0107 w tej kwestii czy uwa\u017ca\u0107, \u017ce badanie i wypowiedzi badanych to jakie\u015b szczeg\u00f3lne wyj\u0105tki. Instytucje kontroluj\u0105ce maj\u0105 si\u0119 niestety ca\u0142kiem dobrze.<br><\/p>\n\n\n\n<p>Zapraszam do lektury, a autorowi, z kt\u00f3rym <a href=\"https:\/\/projektroz.pl\/propaganda\/cieszyn-dziecko-i-rodzina-w-systemie-pieczy-zastepczej\" target=\"_blank\" rel=\"noreferrer noopener\">znamy si\u0119 od roku 2017<\/a> dzi\u0119kuj\u0119 za zainteresowanie tematem pieczy zast\u0119pczej.<\/p>\n[:]","protected":false},"excerpt":{"rendered":"<p>[:pl] \u201eMAMY DWIE INSTYTUCJE KONTROLUJ\u0104CE. NIE MAMY INSTYTUCJI WSPIERAJ\u0104CEJ\u201d: ZAWODOWI RODZICE ZAST\u0118PCZY O SYSTEMIE WSPARCIA RODZINNEJ PIECZY ZAST\u0118PCZEJ. POJEDYNCZE STUDIUM PRZYPADKU.\u00a0Ca\u0142o\u015b\u0107 opublikowano w Wydawnictwie Polityka Spo\u0142eczna nr 4\/2023. Dr Jana Basiaga porusza wa\u017cne dla opiekun\u00f3w zast\u0119pczych tematy, o kt\u00f3rych w naszym \u015brodowisku rozmawiamy od kilku, a mo\u017ce nawet kilkunastu lat. Czy dotrwamy do momentu, kiedy [&hellip;]<\/p>\n","protected":false},"author":3,"featured_media":0,"comment_status":"open","ping_status":"open","sticky":false,"template":"","format":"standard","meta":{"footnotes":""},"categories":[31,16],"tags":[],"class_list":["post-9812","post","type-post","status-publish","format-standard","hentry","category-badania-naukowe","category-propaganda"],"_links":{"self":[{"href":"https:\/\/projektroz.unitunicorn.com\/index.php?rest_route=\/wp\/v2\/posts\/9812","targetHints":{"allow":["GET"]}}],"collection":[{"href":"https:\/\/projektroz.unitunicorn.com\/index.php?rest_route=\/wp\/v2\/posts"}],"about":[{"href":"https:\/\/projektroz.unitunicorn.com\/index.php?rest_route=\/wp\/v2\/types\/post"}],"author":[{"embeddable":true,"href":"https:\/\/projektroz.unitunicorn.com\/index.php?rest_route=\/wp\/v2\/users\/3"}],"replies":[{"embeddable":true,"href":"https:\/\/projektroz.unitunicorn.com\/index.php?rest_route=%2Fwp%2Fv2%2Fcomments&post=9812"}],"version-history":[{"count":0,"href":"https:\/\/projektroz.unitunicorn.com\/index.php?rest_route=\/wp\/v2\/posts\/9812\/revisions"}],"wp:attachment":[{"href":"https:\/\/projektroz.unitunicorn.com\/index.php?rest_route=%2Fwp%2Fv2%2Fmedia&parent=9812"}],"wp:term":[{"taxonomy":"category","embeddable":true,"href":"https:\/\/projektroz.unitunicorn.com\/index.php?rest_route=%2Fwp%2Fv2%2Fcategories&post=9812"},{"taxonomy":"post_tag","embeddable":true,"href":"https:\/\/projektroz.unitunicorn.com\/index.php?rest_route=%2Fwp%2Fv2%2Ftags&post=9812"}],"curies":[{"name":"wp","href":"https:\/\/api.w.org\/{rel}","templated":true}]}}