{"id":9824,"date":"2023-12-01T08:50:55","date_gmt":"2023-12-01T07:50:55","guid":{"rendered":"https:\/\/projektroz.pl\/?p=9824"},"modified":"2023-12-01T08:50:55","modified_gmt":"2023-12-01T07:50:55","slug":"nic-nie-czuje","status":"publish","type":"post","link":"https:\/\/projektroz.unitunicorn.com\/?p=9824","title":{"rendered":"[:pl]Nic nie czuj\u0119[:]"},"content":{"rendered":"[:pl]\n<figure class=\"wp-block-image size-full is-resized\"><img loading=\"lazy\" decoding=\"async\" src=\"https:\/\/projektroz.pl\/wp-content\/uploads\/2023\/12\/nic-nie-czuje-2.png\" alt=\"\" class=\"wp-image-9825\" width=\"284\" height=\"287\"\/><figcaption class=\"wp-element-caption\">nic nie czuj\u0119<\/figcaption><\/figure>\n\n\n\n<p>Scenariusz <a href=\"https:\/\/nicnieczuje.onet.pl\/\" target=\"_blank\" rel=\"noreferrer noopener\">filmu dokumentalnego<\/a> <em><strong>Nic nie czuj\u0119<\/strong><\/em> Anity Bugajskiej i Janusza Schwertnera opiera si\u0119 na czterech \u0142\u0105cz\u0105cych si\u0119 ze sob\u0105 historiach. Ka\u017cda z nich jest w istocie opowie\u015bci\u0105 o t\u0142amszonej wra\u017cliwo\u015bci, samotno\u015bci i o bezkompromisowym \u015bwiecie, w kt\u00f3rym rozmowa o emocjach wci\u0105\u017c stanowi tabu. To rzeczywisto\u015b\u0107 przez lata skrywana za barier\u0105 spo\u0142ecznych wstyd\u00f3w i l\u0119k\u00f3w. W tle pokazujemy zrujnowany system psychiatrii dzieci\u0119cej, stawiaj\u0105c pytanie, ile dramat\u00f3w trzeba jeszcze, by\u015bmy w ko\u0144cu otworzyli oczy. \/onet\/<\/p>\n\n\n\n<p>&#8211;&nbsp;Im d\u0142u\u017cej rozmawiali\u015bmy z bohaterami filmu, tym bardziej okazywa\u0142o si\u0119, \u017ce opowiadamy histori\u0119 o ich wra\u017cliwo\u015bci i t\u0142umionych emocjach. Tytu\u0142 dokumentu &#8211; \u201eNic nie czuj\u0119\u201d &#8211; wzi\u0105\u0142 si\u0119 w\u0142a\u015bnie ze spotka\u0144 z nimi. Zar\u00f3wno pacjenci, jak i ich rodzice powtarzali to zdanie w r\u00f3\u017cnych kontekstach. Wiedzieli\u015bmy, \u017ce dotykamy bardzo trudnego tematu. Poznali\u015bmy wspania\u0142ych ludzi, kt\u00f3rzy opowiedzieli nam otwarcie o najtrudniejszych momentach swojego \u017cycia, dziel\u0105c si\u0119 intymnymi przemy\u015bleniami i&nbsp;historiami.&nbsp;\u017beby tak rozmawia\u0107 o swoich emocjach, potrzeba naprawd\u0119 du\u017co odwagi. Za t\u0119 odwag\u0119 im dzi\u0119kujemy &#8211; to s\u0142owa Anity Bugajskiej, re\u017cyseki filmu. <br><br>System ochrony zdrowia psychicznego dzieci i m\u0142odzie\u017cy od lat znajduje si\u0119 w kryzysie. Jest\u202fprzeludniony, niedofinansowany\u202fi\u202fzapomniany.&nbsp;W zwi\u0105zku  z premier\u0105 filmu, raportem Fundacji UNAWEZA dotycz\u0105cym zdrowia psychicznego m\u0142odych ludzi zosta\u0142 przygotowany wraz z projektem M\u0141ODE G\u0141OWY Fundacji UNAWEZA reporta\u017c multimedialny&nbsp;<strong>\u201eWszystko ok? Porozmawiajmy o zdrowiu psychicznym\u201d<\/strong>&nbsp;dotycz\u0105cy profilaktyki zdrowia psychicznego.<br><br><a href=\"https:\/\/nicnieczuje.onet.pl\/\" target=\"_blank\" rel=\"noreferrer noopener\">Link do filmu<\/a> \u201eNic nie czuj\u0119\u201d i reporta\u017cu \u201cWszystko ok? Porozmawiajmy o zdrowiu psychicznym\u201d &#8211; na stronie nicnieczuje.onet.pl <\/p>\n\n\n\n<p>Wi\u0119cej rekomendowanych program\u00f3w telewizyjnych i radiowych znajdziecie <a href=\"https:\/\/projektroz.pl\/programy-telewizyjne-i-radiowe\" target=\"_blank\" rel=\"noreferrer noopener\">tutaj<\/a>. <\/p>\n[:]","protected":false},"excerpt":{"rendered":"<p>[:pl] Scenariusz filmu dokumentalnego Nic nie czuj\u0119 Anity Bugajskiej i Janusza Schwertnera opiera si\u0119 na czterech \u0142\u0105cz\u0105cych si\u0119 ze sob\u0105 historiach. Ka\u017cda z nich jest w istocie opowie\u015bci\u0105 o t\u0142amszonej wra\u017cliwo\u015bci, samotno\u015bci i o bezkompromisowym \u015bwiecie, w kt\u00f3rym rozmowa o emocjach wci\u0105\u017c stanowi tabu. To rzeczywisto\u015b\u0107 przez lata skrywana za barier\u0105 spo\u0142ecznych wstyd\u00f3w i l\u0119k\u00f3w. [&hellip;]<\/p>\n","protected":false},"author":3,"featured_media":0,"comment_status":"open","ping_status":"open","sticky":false,"template":"","format":"standard","meta":{"footnotes":""},"categories":[22,16,10],"tags":[],"class_list":["post-9824","post","type-post","status-publish","format-standard","hentry","category-programy-telewizyjne-i-radiowe","category-propaganda","category-sidebar"],"_links":{"self":[{"href":"https:\/\/projektroz.unitunicorn.com\/index.php?rest_route=\/wp\/v2\/posts\/9824","targetHints":{"allow":["GET"]}}],"collection":[{"href":"https:\/\/projektroz.unitunicorn.com\/index.php?rest_route=\/wp\/v2\/posts"}],"about":[{"href":"https:\/\/projektroz.unitunicorn.com\/index.php?rest_route=\/wp\/v2\/types\/post"}],"author":[{"embeddable":true,"href":"https:\/\/projektroz.unitunicorn.com\/index.php?rest_route=\/wp\/v2\/users\/3"}],"replies":[{"embeddable":true,"href":"https:\/\/projektroz.unitunicorn.com\/index.php?rest_route=%2Fwp%2Fv2%2Fcomments&post=9824"}],"version-history":[{"count":0,"href":"https:\/\/projektroz.unitunicorn.com\/index.php?rest_route=\/wp\/v2\/posts\/9824\/revisions"}],"wp:attachment":[{"href":"https:\/\/projektroz.unitunicorn.com\/index.php?rest_route=%2Fwp%2Fv2%2Fmedia&parent=9824"}],"wp:term":[{"taxonomy":"category","embeddable":true,"href":"https:\/\/projektroz.unitunicorn.com\/index.php?rest_route=%2Fwp%2Fv2%2Fcategories&post=9824"},{"taxonomy":"post_tag","embeddable":true,"href":"https:\/\/projektroz.unitunicorn.com\/index.php?rest_route=%2Fwp%2Fv2%2Ftags&post=9824"}],"curies":[{"name":"wp","href":"https:\/\/api.w.org\/{rel}","templated":true}]}}