{"id":9913,"date":"2024-08-15T14:13:29","date_gmt":"2024-08-15T12:13:29","guid":{"rendered":"https:\/\/projektroz.pl\/?p=9913"},"modified":"2024-08-15T14:13:29","modified_gmt":"2024-08-15T12:13:29","slug":"plstandardy-ochrony-maloletnich","status":"publish","type":"post","link":"https:\/\/projektroz.unitunicorn.com\/?p=9913","title":{"rendered":"[:pl]Standardy Ochrony Ma\u0142oletnich[:]"},"content":{"rendered":"[:pl]\n<figure class=\"wp-block-image size-thumbnail\"><img decoding=\"async\" src=\"https:\/\/projektroz.pl\/wp-content\/uploads\/2024\/08\/standardy-www-150x150.jpg\" alt=\"\" class=\"wp-image-9914\"\/><figcaption class=\"wp-element-caption\">Standardy Ochrony Ma\u0142oletnich &#8211; PROJEKT ROZ<\/figcaption><\/figure>\n\n\n\n<p><\/p>\n\n\n\n<p>Standardy Ochrony Ma\u0142oletnich to zbi\u00f3r zasad, kt\u00f3re pomagaj\u0105 tworzy\u0107 bezpieczne i przyjazne \u015brodowisko w  plac\u00f3wkach dzia\u0142aj\u0105cych na rzecz dzieci. W miejscu, kt\u00f3re spe\u0142nia standardy wszyscy wiedz\u0105, jak podejmowa\u0107 interwencj\u0119 w przypadku podejrzenia, \u017ce dziecko do\u015bwiadcza krzywdzenia np. w danym podmiocie lub w rodzinie.<\/p>\n\n\n\n<p>Dzi\u0119ki standardom ochrony ma\u0142oletnich w ka\u017cdym miejscu jest osoba, do kt\u00f3rej mo\u017cna zg\u0142asza\u0107 sytuacje, kiedy kto\u015b wie albo ma podejrzenie, \u017ce dziecku dzieje si\u0119 krzywda. W danym miejscu jest tak\u017ce osoba, kt\u00f3ra podejmuje interwencj\u0119 i wie jakie podj\u0105\u0107 okre\u015blone (w standardach) dzia\u0142ania, w tym np. zawiadomi\u0107 policj\u0119. Co bardzo wa\u017cne, standardy, nak\u0142adaj\u0105 tak\u017ce obowi\u0105zek powo\u0142ania osoby, kt\u00f3ra b\u0119dzie dba\u0107 i wspiera\u0107 dziecko.<\/p>\n\n\n\n<p>W Polsce wiele dzieci do\u015bwiadcza i jest nara\u017conych na przemoc, z\u0142e traktowanie i wykorzystywanie seksualne. Takie sytuacje mog\u0105 zdarza\u0107 si\u0119 wsz\u0119dzie gdzie dzieci przebywaj\u0105 bez opieki rodzic\u00f3w lub opiekun\u00f3w.<\/p>\n\n\n\n<blockquote class=\"wp-block-quote is-layout-flow wp-block-quote-is-layout-flow\">\n<p class=\"has-text-align-center\"><strong><a href=\"https:\/\/dziennikustaw.gov.pl\/DU\/2023\/1606\" target=\"_blank\" rel=\"noreferrer noopener\">Ustawa z dnia 28 lipca 2023 r.<\/a> <\/strong><br><strong>o zmianie ustawy \u2013 Kodeks rodzinny i opieku\u0144czy oraz niekt\u00f3rych innych ustaw<\/strong><\/p>\n<\/blockquote>\n\n\n\n<p>W obliczu tych niepokoj\u0105cych zdarze\u0144, wprowadzenie standard\u00f3w ochrony ma\u0142oletnich jest kluczowym krokiem w zapewnieniu bezpiecze\u0144stwa dzieciom. Standardy nie tylko odpowiadaj\u0105 na aktualne zagro\u017cenia. Tworz\u0105 te\u017c systematyczne ramy, kt\u00f3re pomagaj\u0105 w identyfikacji i zapobieganiu przypadkom przemocy wobec dzieci.<\/p>\n\n\n\n<p><a href=\"https:\/\/drive.google.com\/file\/d\/1fDpd9UbKiUbWbgDkYiPqS3tpqaDaRITC\/view?usp=sharing\" target=\"_blank\" rel=\"noreferrer noopener\">Standardy Ochrony Dzieci &#8211; Fundacja PROJEKT ROZ<\/a><\/p>\n\n\n\n<p><a href=\"https:\/\/drive.google.com\/file\/d\/1nReEuhbo1pA-iaL61RjjixAq6TRUOIOh\/view?usp=sharing\" target=\"_blank\" rel=\"noreferrer noopener\">Standardy Ochrony Dzieci &#8211; Fundacja PROJEKT ROZ &#8211; wersja dla dzieci<\/a><\/p>\n\n\n\n<p><a href=\"https:\/\/drive.google.com\/file\/d\/1kI89OS1ios_1A0J_uZgErRkQTMdD3Odt\/view?usp=sharing\" target=\"_blank\" rel=\"noreferrer noopener\">Procedura Niebieskiej Karty &#8211; Fundacja PROJEKT ROZ <\/a><\/p>\n\n\n\n<p>Jakie aktywno\u015bci podejmujemy z powierzonymi dzie\u0107mi i na ich rzecz mo\u017cna zobaczy\u0107 mi\u0119dzy innymi w zak\u0142adce <a href=\"https:\/\/projektroz.pl\/programy-i-projekty\" target=\"_blank\" rel=\"noreferrer noopener\">&#8220;programy i projekty&#8221;<\/a>.<\/p>\n[:]","protected":false},"excerpt":{"rendered":"<p>[:pl] Standardy Ochrony Ma\u0142oletnich to zbi\u00f3r zasad, kt\u00f3re pomagaj\u0105 tworzy\u0107 bezpieczne i przyjazne \u015brodowisko w plac\u00f3wkach dzia\u0142aj\u0105cych na rzecz dzieci. W miejscu, kt\u00f3re spe\u0142nia standardy wszyscy wiedz\u0105, jak podejmowa\u0107 interwencj\u0119 w przypadku podejrzenia, \u017ce dziecko do\u015bwiadcza krzywdzenia np. w danym podmiocie lub w rodzinie. Dzi\u0119ki standardom ochrony ma\u0142oletnich w ka\u017cdym miejscu jest osoba, do kt\u00f3rej [&hellip;]<\/p>\n","protected":false},"author":3,"featured_media":0,"comment_status":"open","ping_status":"open","sticky":false,"template":"","format":"standard","meta":{"footnotes":""},"categories":[14,10,4],"tags":[],"class_list":["post-9913","post","type-post","status-publish","format-standard","hentry","category-programy-i-projekty","category-sidebar","category-strona-glowna"],"_links":{"self":[{"href":"https:\/\/projektroz.unitunicorn.com\/index.php?rest_route=\/wp\/v2\/posts\/9913","targetHints":{"allow":["GET"]}}],"collection":[{"href":"https:\/\/projektroz.unitunicorn.com\/index.php?rest_route=\/wp\/v2\/posts"}],"about":[{"href":"https:\/\/projektroz.unitunicorn.com\/index.php?rest_route=\/wp\/v2\/types\/post"}],"author":[{"embeddable":true,"href":"https:\/\/projektroz.unitunicorn.com\/index.php?rest_route=\/wp\/v2\/users\/3"}],"replies":[{"embeddable":true,"href":"https:\/\/projektroz.unitunicorn.com\/index.php?rest_route=%2Fwp%2Fv2%2Fcomments&post=9913"}],"version-history":[{"count":0,"href":"https:\/\/projektroz.unitunicorn.com\/index.php?rest_route=\/wp\/v2\/posts\/9913\/revisions"}],"wp:attachment":[{"href":"https:\/\/projektroz.unitunicorn.com\/index.php?rest_route=%2Fwp%2Fv2%2Fmedia&parent=9913"}],"wp:term":[{"taxonomy":"category","embeddable":true,"href":"https:\/\/projektroz.unitunicorn.com\/index.php?rest_route=%2Fwp%2Fv2%2Fcategories&post=9913"},{"taxonomy":"post_tag","embeddable":true,"href":"https:\/\/projektroz.unitunicorn.com\/index.php?rest_route=%2Fwp%2Fv2%2Ftags&post=9913"}],"curies":[{"name":"wp","href":"https:\/\/api.w.org\/{rel}","templated":true}]}}