{"id":9946,"date":"2024-10-24T18:57:04","date_gmt":"2024-10-24T16:57:04","guid":{"rendered":"https:\/\/projektroz.pl\/?p=9946"},"modified":"2024-10-24T18:57:04","modified_gmt":"2024-10-24T16:57:04","slug":"mowimy-o-tym-glosno","status":"publish","type":"post","link":"https:\/\/projektroz.unitunicorn.com\/?p=9946","title":{"rendered":"[:pl]M\u00f3wimy o tym g\u0142o\u015bno[:]"},"content":{"rendered":"[:pl]\n<figure class=\"wp-block-image size-medium is-resized\"><img loading=\"lazy\" decoding=\"async\" src=\"https:\/\/projektroz.pl\/wp-content\/uploads\/2024\/10\/mowimy-o-tym-glosno-300x300.jpg\" alt=\"\" class=\"wp-image-9948\" width=\"301\" height=\"301\"\/><figcaption class=\"wp-element-caption\">m\u00f3wimy o tym g\u0142o\u015bno<\/figcaption><\/figure>\n\n\n\n<h1 class=\"wp-block-heading\">m\u00f3wimy o tym g\u0142o\u015bno <\/h1>\n\n\n\n<p>Piecza Zast\u0119pcza \u2013 Fundacja PROJEKT ROZ &#8211; proponujemy rozwi\u0105zania<br>Uznali\u015bmy, \u017ce najwy\u017cszy czas przekaza\u0107 <mark style=\"background-color:rgba(0, 0, 0, 0)\" class=\"has-inline-color has-luminous-vivid-orange-color\">s\u0105siadom<sup>*<\/sup><\/mark> informacje o tym jak bardzo s\u0105 potrzebni opiekunowie\/rodzice zast\u0119pczy, dlaczego ich nie ma i co mo\u017cna zrobi\u0107, \u017ceby nie tylko zostali ci kt\u00f3rzy ju\u017c tworz\u0105 rodziny zast\u0119pcze, ale pojawiali si\u0119 kolejni kandydaci do ich prowadzenia. <\/p>\n\n\n\n<h6 class=\"wp-block-heading\" style=\"font-style:normal;font-weight:200;text-transform:uppercase\"><a href=\"https:\/\/stat.gov.pl\/obszary-tematyczne\/dzieci-i-rodzina\/dzieci\/piecza-zastepcza-w-2023-roku,1,8.html\" target=\"_blank\" rel=\"noreferrer noopener\">W pieczy zast\u0119pczej w Polsce przebywa obecnie ponad 75000 (siedemdziesi\u0105t pi\u0119\u0107 tysi\u0119cy) dzieci i m\u0142odzie\u017cy. <\/a><\/h6>\n\n\n\n<h6 class=\"wp-block-heading\" style=\"font-style:normal;font-weight:200;text-transform:uppercase\"><a href=\"https:\/\/stat.gov.pl\/obszary-tematyczne\/dzieci-i-rodzina\/dzieci\/piecza-zastepcza-w-2023-roku,1,8.html\" target=\"_blank\" rel=\"noreferrer noopener\">Oko\u0142o 1500 dzieci wobec kt\u00f3rych wydano postanowienia o umieszczeniu w pieczy zast\u0119pczej nadal pozostaje <br>w miejscach i w\u015br\u00f3d os\u00f3b zagra\u017caj\u0105cych ich zdrowiu i \u017cyciu. Brakuje miejsc w instytucjonalnej i rodzinnej pieczy zast\u0119pczej.<\/a><\/h6>\n\n\n\n<h6 class=\"wp-block-heading\" style=\"font-style:normal;font-weight:200;text-transform:uppercase\"><a href=\"https:\/\/stat.gov.pl\/obszary-tematyczne\/dzieci-i-rodzina\/dzieci\/piecza-zastepcza-w-2023-roku,1,8.html\" target=\"_blank\" rel=\"noreferrer noopener\">Ponad po\u0142owa os\u00f3b prowadz\u0105cych rodziny zast\u0119pcze to osoby w wieku 51\u201370 lat.&nbsp;Wi\u0119kszo\u015b\u0107 os\u00f3b (77,5%) pe\u0142ni\u0105cych funkcj\u0119 rodzinnego domu dziecka to osoby w wieku 41\u201360 lat.<\/a><\/h6>\n\n\n\n<ul class=\"wp-block-list\"><\/ul>\n\n\n\n<p><\/p>\n\n\n\n<p><\/p>\n\n\n\n<p><\/p>\n\n\n\n<p><br><\/p>\n\n\n\n<p>Zacznijmy od pierwszych trzech postulat\u00f3w\/propozycji zmian. <\/p>\n\n\n\n<h3 class=\"has-text-align-center wp-block-heading\"><br>Ochrona prawna opiekun\u00f3w\/rodzic\u00f3w zast\u0119pczych &#8211; wprowadzenie zmian w przepisach, na podstawie kt\u00f3rych zaw\u00f3d rodzica zast\u0119pczego b\u0119dzie zawodem prawnie chronionym. <\/h3>\n\n\n\n<h3 class=\"has-text-align-center wp-block-heading\"><br>Zawieszenie praw rodzicielskich &#8211; wprowadzenie rozwi\u0105zania prawnego na podstawie kt\u00f3rego decyzja s\u0105du o umieszczeniu dziecka w pieczy zast\u0119pczej b\u0119dzie wi\u0105za\u0142a si\u0119 z zawieszeniem w\u0142adzy rodzicielskiej. <\/h3>\n\n\n\n<h3 class=\"has-text-align-center wp-block-heading\"><br>Kodeks etyczny &#8211; stworzenie zbioru zasad obejmuj\u0105cych wielu interesariuszy pieczy zast\u0119pczej, nie tylko opiekun\u00f3w\/rodzic\u00f3w zast\u0119pczych.<\/h3>\n\n\n\n<ol class=\"wp-block-list\"><\/ol>\n\n\n\n<p><br>W najbli\u017cszym czasie wyja\u015bnimy, dlaczego w\u0142a\u015bnie takie propozycje i co ich realizacja wniesie do rozwoju pieczy zast\u0119pczej w Polsce.<\/p>\n\n\n\n<p>Od kilku lat, \u015brodowiska zwi\u0105zane z piecz\u0105 zast\u0119pcz\u0105 zwracaj\u0105 uwag\u0119, \u017ce \u017ale si\u0119 dzieje, a od kilku miesi\u0119cy coraz g\u0142o\u015bniej m\u00f3wi si\u0119 o narastaj\u0105cych problemach <br>z umieszczaniem dzieci w pieczy. O zapa\u015bci, tragedii, niemo\u017cliwo\u015bci realizacji postanowie\u0144 s\u0105du. O braku kandydat\u00f3w do pe\u0142nienia funkcji rodziny zast\u0119pczej <br>i starzej\u0105cych si\u0119, obecnych opiekunach\/rodzicach zast\u0119pczych. <\/p>\n\n\n\n<p><strong>Co trzeba zrobi\u0107 by polska piecza zast\u0119pcza wesz\u0142a w okres renesansu?!<\/strong><\/p>\n\n\n\n<p><em>23.10.2024 Wielkie Drogi<br>Fundacja PROJEKT ROZ zaczyna g\u0142o\u015bno m\u00f3wi\u0107 o pierwszych trzech propozycjach zmian.<\/em><\/p>\n\n\n\n<p><\/p>\n\n\n\n<p><\/p>\n\n\n\n<figure class=\"wp-block-pullquote has-text-align-right\"><blockquote><p><mark style=\"background-color:rgba(0, 0, 0, 0)\" class=\"has-inline-color has-luminous-vivid-orange-color\"><sup>*<\/sup>s\u0105siad &#8211; to nasze spo\u0142ecze\u0144stwo. Ka\u017cdy ma s\u0105siada, kt\u00f3ry mieszka niedaleko, w pracy s\u0105siadujemy biurkami, a w sklepie, parku, na przystanku kt\u00f3ry jest po s\u0105siedzku spotykamy si\u0119 ka\u017cdego dnia. <\/mark><\/p><\/blockquote><\/figure>\n[:]","protected":false},"excerpt":{"rendered":"<p>[:pl] m\u00f3wimy o tym g\u0142o\u015bno Piecza Zast\u0119pcza \u2013 Fundacja PROJEKT ROZ &#8211; proponujemy rozwi\u0105zaniaUznali\u015bmy, \u017ce najwy\u017cszy czas przekaza\u0107 s\u0105siadom* informacje o tym jak bardzo s\u0105 potrzebni opiekunowie\/rodzice zast\u0119pczy, dlaczego ich nie ma i co mo\u017cna zrobi\u0107, \u017ceby nie tylko zostali ci kt\u00f3rzy ju\u017c tworz\u0105 rodziny zast\u0119pcze, ale pojawiali si\u0119 kolejni kandydaci do ich prowadzenia. W [&hellip;]<\/p>\n","protected":false},"author":3,"featured_media":0,"comment_status":"open","ping_status":"open","sticky":false,"template":"","format":"standard","meta":{"footnotes":""},"categories":[14,10,4],"tags":[],"class_list":["post-9946","post","type-post","status-publish","format-standard","hentry","category-programy-i-projekty","category-sidebar","category-strona-glowna"],"_links":{"self":[{"href":"https:\/\/projektroz.unitunicorn.com\/index.php?rest_route=\/wp\/v2\/posts\/9946","targetHints":{"allow":["GET"]}}],"collection":[{"href":"https:\/\/projektroz.unitunicorn.com\/index.php?rest_route=\/wp\/v2\/posts"}],"about":[{"href":"https:\/\/projektroz.unitunicorn.com\/index.php?rest_route=\/wp\/v2\/types\/post"}],"author":[{"embeddable":true,"href":"https:\/\/projektroz.unitunicorn.com\/index.php?rest_route=\/wp\/v2\/users\/3"}],"replies":[{"embeddable":true,"href":"https:\/\/projektroz.unitunicorn.com\/index.php?rest_route=%2Fwp%2Fv2%2Fcomments&post=9946"}],"version-history":[{"count":0,"href":"https:\/\/projektroz.unitunicorn.com\/index.php?rest_route=\/wp\/v2\/posts\/9946\/revisions"}],"wp:attachment":[{"href":"https:\/\/projektroz.unitunicorn.com\/index.php?rest_route=%2Fwp%2Fv2%2Fmedia&parent=9946"}],"wp:term":[{"taxonomy":"category","embeddable":true,"href":"https:\/\/projektroz.unitunicorn.com\/index.php?rest_route=%2Fwp%2Fv2%2Fcategories&post=9946"},{"taxonomy":"post_tag","embeddable":true,"href":"https:\/\/projektroz.unitunicorn.com\/index.php?rest_route=%2Fwp%2Fv2%2Ftags&post=9946"}],"curies":[{"name":"wp","href":"https:\/\/api.w.org\/{rel}","templated":true}]}}